{"id":61051,"date":"2020-05-06T12:41:46","date_gmt":"2020-05-06T15:41:46","guid":{"rendered":"https:\/\/www.actualidadadiario.com\/?p=61051"},"modified":"2020-05-06T12:41:46","modified_gmt":"2020-05-06T15:41:46","slug":"con-244-fallecidos-espana-registra-un-leve-repunte-de-la-cifra-diaria-de-muertos","status":"publish","type":"post","link":"https:\/\/www.actualidadadiario.com\/index.php\/2020\/05\/06\/con-244-fallecidos-espana-registra-un-leve-repunte-de-la-cifra-diaria-de-muertos\/","title":{"rendered":"Con 244 fallecidos, Espa\u00f1a registra un leve repunte de la cifra diaria de muertos"},"content":{"rendered":"<p style=\"text-align: center;\"><em><strong>El total de v\u00edctimas fatales de coronavirus asciende ya a 25.857 personas y los infectados a 220.325, seg\u00fan el \u00faltimo balance del Ministerio de Sanidad espa\u00f1ol<\/strong><\/em><\/p>\n<p>&nbsp;<\/p>\n<p>&nbsp;<\/p>\n<p>Espa\u00f1a registr\u00f3 hoy un leve repunte en la cifra diaria de muertos por coronavirus, que sum\u00f3 244 personas, mientras los contagios se mantienen a la baja por cuarto d\u00eda consecutivo, tras registrarse 685 nuevos casos positivos en las \u00faltimas 24 horas.<\/p>\n<p>El total de v\u00edctimas fatales de coronavirus asciende ya a 25.857 personas y los infectados a 220.325, seg\u00fan el \u00faltimo balance del Ministerio de Sanidad espa\u00f1ol.<\/p>\n<p>Adem\u00e1s, tras un cambio en la forma de registrar los datos, Sanidad contabiliz\u00f3 2.516 &#8220;infecciones resueltas&#8221; en las \u00faltimas 24 horas, una informaci\u00f3n que incluye altas m\u00e9dicas y a las personas que se les realiz\u00f3 una prueba serol\u00f3gica que dio positivo pero no se puede identificar el momento en que contrajeron la enfermedad.<\/p>\n<p>El n\u00famero total de recuperados desde que comenz\u00f3 el brote en Espa\u00f1a se eleva a 126.002 personas.<\/p>\n<p>Los expertos que asesoran al gobierno no se muestran preocupados por el ligero repunte en la cifra de fallecidos, que atribuyen al retraso de las notificaciones, puesto que la tendencia en la evoluci\u00f3n de la enfermedad sigue a la baja.<\/p>\n<p>Pese al repunte &#8220;hay ocho comunidades en las que se ha notificado 0 o 1 caso&#8221;, destac\u00f3 Fernando Sim\u00f3n, el director del Centro de Alertas y Emergencias Sanitarias de Espa\u00f1a, quien habitualmente valora la evoluci\u00f3n de la pandemia.<\/p>\n<p>La mitad de los fallecidos registrados en Espa\u00f1a se concentran en la Comunidad de Madrid (46) y Catalu\u00f1a (75), las zonas donde la pandemia tuvo una mayor incidencia, y que posiblemente levantar\u00e1n el confinamiento de forma m\u00e1s lenta que el resto del pa\u00eds.<\/p>\n<p>La &#8220;hoja de ruta&#8221; dise\u00f1ada por el gobierno espa\u00f1ol para el desconfinamiento establece que las restricciones se levantar\u00e1n de forma &#8220;asim\u00e9trica&#8221;, dependiendo de la evoluci\u00f3n de variables objetivas como la incidencia del virus, la capacidad hospitalaria y de diagn\u00f3stico (n\u00famero de pruebas diarias) y el nivel de protecci\u00f3n en las diferentes actividades.<\/p>\n<p>En cuanto a los datos de evoluci\u00f3n de la pandemia, Sim\u00f3n afirm\u00f3 que &#8220;van a cambiar&#8221; los indicadores que habr\u00e1 que observar diariamente, ya que &#8220;los nuevos casos ser\u00e1n de menor inter\u00e9s que los casos posibles&#8221;.<\/p>\n<p>Adem\u00e1s, el experto hab\u00eda adelantado que en la fase de desescalada tendr\u00e1 un papel clave el sistema de atenci\u00f3n primaria, que ser\u00e1 el encargado de hacer las pruebas de diagn\u00f3stico tan pronto se presente un paciente con alg\u00fan s\u00edntoma compatible con la Covid-19, y de hacer el seguimiento de los contagios.<\/p>\n<p>Hasta ahora, los hospitales tuvieron un rol prominente al haber sido los que se encargaban de atender y gestionar a los enfermeros con coronavirus.<\/p>\n<p>Espa\u00f1a se encuentra atravesando ya la &#8220;fase 0&#8221; o inicial del plan de desescalada del gobierno, en el que est\u00e1 permitida la apertura del peque\u00f1o comercio -como peluquer\u00edas, ferreter\u00edas y tiendas de ropa u otros productos-, con cita previa y manteniendo estrictas medidas de seguridad.<\/p>\n<p>A partir del pr\u00f3ximo lunes 11 de mayo, gran parte del pa\u00eds entrar\u00e1 en la &#8220;fase 1&#8221; -en la que ya se encuentran algunas islas- con la apertura de los espacios exteriores de bares y restaurantes.<\/p>\n<p>Adem\u00e1s, desde el s\u00e1bado pasado, los espa\u00f1oles tienen permitido salir a pasear y hacer deporte una vez al d\u00eda en distintas franjas horarias, para evitar el riesgo de los grupos de mayor edad.<\/p>\n<p>El gobierno apela a la responsabilidad individual tras producirse algunas aglomeraciones en plazas, parques y playas, mayormente protagonizadas por j\u00f3venes.<\/p>\n<p>&#8220;En cuanto dejan de mantener las medidas de precauci\u00f3n, el problema es que van a transmitir la enfermedad a quienes pueda hacer da\u00f1o&#8221;, advirti\u00f3 Sim\u00f3n dirigi\u00e9ndose a los m\u00e1s j\u00f3venes que incumplen las normas.<\/p>\n","protected":false},"excerpt":{"rendered":"<p>El total de v\u00edctimas fatales de coronavirus asciende ya a 25.857 personas y los infectados a 220.325, seg\u00fan el \u00faltimo balance del Ministerio de Sanidad espa\u00f1ol &nbsp; &nbsp; Espa\u00f1a registr\u00f3 hoy un leve repunte en la cifra diaria de muertos por coronavirus, que sum\u00f3 244 personas, mientras los contagios se mantienen a la baja por cuarto d\u00eda consecutivo, tras registrarse 685 nuevos casos positivos en las \u00faltimas 24 horas. El total de v\u00edctimas fatales de coronavirus asciende ya a 25.857 personas y los infectados a 220.325, seg\u00fan el \u00faltimo balance&#8230;<\/p>\n","protected":false},"author":3,"featured_media":61052,"comment_status":"closed","ping_status":"closed","sticky":false,"template":"","format":"standard","meta":[],"categories":[4],"tags":[],"_links":{"self":[{"href":"https:\/\/www.actualidadadiario.com\/index.php\/wp-json\/wp\/v2\/posts\/61051"}],"collection":[{"href":"https:\/\/www.actualidadadiario.com\/index.php\/wp-json\/wp\/v2\/posts"}],"about":[{"href":"https:\/\/www.actualidadadiario.com\/index.php\/wp-json\/wp\/v2\/types\/post"}],"author":[{"embeddable":true,"href":"https:\/\/www.actualidadadiario.com\/index.php\/wp-json\/wp\/v2\/users\/3"}],"replies":[{"embeddable":true,"href":"https:\/\/www.actualidadadiario.com\/index.php\/wp-json\/wp\/v2\/comments?post=61051"}],"version-history":[{"count":1,"href":"https:\/\/www.actualidadadiario.com\/index.php\/wp-json\/wp\/v2\/posts\/61051\/revisions"}],"predecessor-version":[{"id":61053,"href":"https:\/\/www.actualidadadiario.com\/index.php\/wp-json\/wp\/v2\/posts\/61051\/revisions\/61053"}],"wp:featuredmedia":[{"embeddable":true,"href":"https:\/\/www.actualidadadiario.com\/index.php\/wp-json\/wp\/v2\/media\/61052"}],"wp:attachment":[{"href":"https:\/\/www.actualidadadiario.com\/index.php\/wp-json\/wp\/v2\/media?parent=61051"}],"wp:term":[{"taxonomy":"category","embeddable":true,"href":"https:\/\/www.actualidadadiario.com\/index.php\/wp-json\/wp\/v2\/categories?post=61051"},{"taxonomy":"post_tag","embeddable":true,"href":"https:\/\/www.actualidadadiario.com\/index.php\/wp-json\/wp\/v2\/tags?post=61051"}],"curies":[{"name":"wp","href":"https:\/\/api.w.org\/{rel}","templated":true}]}}