{"id":61040,"date":"2020-05-06T12:37:42","date_gmt":"2020-05-06T15:37:42","guid":{"rendered":"https:\/\/www.actualidadadiario.com\/?p=61040"},"modified":"2020-05-06T12:37:42","modified_gmt":"2020-05-06T15:37:42","slug":"vuelve-a-funcionar-el-consejo-federal-de-desarrollo-social-en-el-marco-de-la-pandemia","status":"publish","type":"post","link":"https:\/\/www.actualidadadiario.com\/index.php\/2020\/05\/06\/vuelve-a-funcionar-el-consejo-federal-de-desarrollo-social-en-el-marco-de-la-pandemia\/","title":{"rendered":"Vuelve a funcionar el Consejo Federal de Desarrollo Social en el marco de la pandemia"},"content":{"rendered":"<p style=\"text-align: center;\"><em><strong>Con el objetivo de \u201cconcertar\u201d pol\u00edticas sociales entre las diferentes provincias y la ciudad de Buenos Aires el Gobierno dispuso la puesta en funcionamiento del consejo que fue creado en 1997<\/strong><\/em><\/p>\n<p>&nbsp;<\/p>\n<p>&nbsp;<\/p>\n<p>El Gobierno nacional oficializ\u00f3 hoy la puesta en funcionamiento del Consejo Federal de Desarrollo Social (Cofedeso), presidido por el ministro de Desarrollo Social, Daniel Arroyo, con el objetivo de \u201cconcertar\u201d pol\u00edticas sociales entre las diferentes provincias y la ciudad de Buenos Aires para lograr la \u201creducci\u00f3n de la pobreza y desarrollo de igualdad de oportunidades para los sectores m\u00e1s vulnerables\u201d.<\/p>\n<p>El Consejo Federal de Desarrollo Social fue creado en 1997 por una iniciativa de la Secretar\u00eda de Desarrollo Social, pero \u201cdesde hace varios a\u00f1os que no cuenta con actividad\u201d, por lo que ahora en el contexto de la pandemia por coronavirus \u201ces menester\u201d que este \u00f3rgano funcione para coordinar pol\u00edticas con las otras jurisdicciones, seg\u00fan la Resoluci\u00f3n 258\/2020 publicada hoy en el Bolet\u00edn Oficial.<\/p>\n<p>Entre los fundamentos expuestos por el Ministerio de Desarrollo Social para destacar la importancia de volver a poner en funcionamiento el Cofedeso se remarca que una de las primeras medidas de la gesti\u00f3n de Arroyo fue \u201cconvocar a los ministros de Desarrollo Social de los gobiernos provinciales a una reuni\u00f3n con el objeto de anunciar los principales ejes de gesti\u00f3n en materia de pol\u00edticas sociales y acordar la adhesi\u00f3n al plan de las distintas jurisdicciones\u201d.<\/p>\n<p>El consejo, integrado por todos los ministros de las carteras sociales provinciales, tendr\u00e1 \u201cfunciones deliberativas, consultivas, de formulaci\u00f3n de propuestas y de pol\u00edticas de concertaci\u00f3n, cuyo alcance, reglamento y contenido se fijar\u00e1 en el acta de puesta en funcionamiento\u201d.<\/p>\n<p>Por eso, desde el Ministerio de Desarrollo Social se insisti\u00f3 en que \u201cresulta menester poner en funcionamiento el organismo como una instancia de concertaci\u00f3n de pol\u00edticas sociales entre la Naci\u00f3n, las provincias y la ciudad de Buenos Aires\u201d.<\/p>\n<p>En los considerandos de la medida publicada hoy se destaca &#8220;la necesidad de acrecentar la coordinaci\u00f3n de pol\u00edticas p\u00fablicas entre los niveles jurisdiccionales en el marco de la descentralizaci\u00f3n de funciones y competencias\u201d.<\/p>\n<p>En ese sentido, el Ministerio se\u00f1ala que \u201cen materia de pol\u00edticas sociales se requiere especialmente la integralidad en el enfoque y en el accionar, en tanto las problem\u00e1ticas sociales que se deben abordar son por definici\u00f3n multidimensionales\u201d.<\/p>\n<p>Entre los objetivos se destaca \u201cpromover el desarrollo social; fortalecer las capacidades humanas, individuales y colectivas; atender a la poblaci\u00f3n en situaci\u00f3n de vulnerabilidad social; y promover los derechos de los sectores m\u00e1s vulnerables y la construcci\u00f3n de ciudadan\u00eda\u201d.<\/p>\n<p>Tambi\u00e9n figura la misi\u00f3n de \u201cpromover el trabajo a trav\u00e9s de la capacitaci\u00f3n laboral y la actividad productiva fortaleciendo la econom\u00eda social, solidaria y popular, como as\u00ed tambi\u00e9n abordar un proceso de reorientaci\u00f3n gradual de la estrategia de gesti\u00f3n de los Programas alimentarios\u201d.<\/p>\n","protected":false},"excerpt":{"rendered":"<p>Con el objetivo de \u201cconcertar\u201d pol\u00edticas sociales entre las diferentes provincias y la ciudad de Buenos Aires el Gobierno dispuso la puesta en funcionamiento del consejo que fue creado en 1997 &nbsp; &nbsp; El Gobierno nacional oficializ\u00f3 hoy la puesta en funcionamiento del Consejo Federal de Desarrollo Social (Cofedeso), presidido por el ministro de Desarrollo Social, Daniel Arroyo, con el objetivo de \u201cconcertar\u201d pol\u00edticas sociales entre las diferentes provincias y la ciudad de Buenos Aires para lograr la \u201creducci\u00f3n de la pobreza y desarrollo de igualdad de oportunidades para los&#8230;<\/p>\n","protected":false},"author":3,"featured_media":60638,"comment_status":"closed","ping_status":"closed","sticky":false,"template":"","format":"standard","meta":[],"categories":[18],"tags":[],"_links":{"self":[{"href":"https:\/\/www.actualidadadiario.com\/index.php\/wp-json\/wp\/v2\/posts\/61040"}],"collection":[{"href":"https:\/\/www.actualidadadiario.com\/index.php\/wp-json\/wp\/v2\/posts"}],"about":[{"href":"https:\/\/www.actualidadadiario.com\/index.php\/wp-json\/wp\/v2\/types\/post"}],"author":[{"embeddable":true,"href":"https:\/\/www.actualidadadiario.com\/index.php\/wp-json\/wp\/v2\/users\/3"}],"replies":[{"embeddable":true,"href":"https:\/\/www.actualidadadiario.com\/index.php\/wp-json\/wp\/v2\/comments?post=61040"}],"version-history":[{"count":1,"href":"https:\/\/www.actualidadadiario.com\/index.php\/wp-json\/wp\/v2\/posts\/61040\/revisions"}],"predecessor-version":[{"id":61041,"href":"https:\/\/www.actualidadadiario.com\/index.php\/wp-json\/wp\/v2\/posts\/61040\/revisions\/61041"}],"wp:featuredmedia":[{"embeddable":true,"href":"https:\/\/www.actualidadadiario.com\/index.php\/wp-json\/wp\/v2\/media\/60638"}],"wp:attachment":[{"href":"https:\/\/www.actualidadadiario.com\/index.php\/wp-json\/wp\/v2\/media?parent=61040"}],"wp:term":[{"taxonomy":"category","embeddable":true,"href":"https:\/\/www.actualidadadiario.com\/index.php\/wp-json\/wp\/v2\/categories?post=61040"},{"taxonomy":"post_tag","embeddable":true,"href":"https:\/\/www.actualidadadiario.com\/index.php\/wp-json\/wp\/v2\/tags?post=61040"}],"curies":[{"name":"wp","href":"https:\/\/api.w.org\/{rel}","templated":true}]}}