{"id":61033,"date":"2020-05-06T12:35:18","date_gmt":"2020-05-06T15:35:18","guid":{"rendered":"https:\/\/www.actualidadadiario.com\/?p=61033"},"modified":"2020-05-06T12:35:18","modified_gmt":"2020-05-06T15:35:18","slug":"argentina-recibira-financiamiento-de-caf-por-us-4-000-millones","status":"publish","type":"post","link":"https:\/\/www.actualidadadiario.com\/index.php\/2020\/05\/06\/argentina-recibira-financiamiento-de-caf-por-us-4-000-millones\/","title":{"rendered":"Argentina recibir\u00e1 financiamiento de CAF por U$S 4.000 millones"},"content":{"rendered":"<p style=\"text-align: center;\"><em><strong>As\u00ed lo confirm\u00f3 el titular del Banco de Desarrollo de Am\u00e9rica Latina (CAF), Luis Carranza Ugarte al presidente Alberto Fern\u00e1ndez, durante una videoconferencia<\/strong><\/em><\/p>\n<p>&nbsp;<\/p>\n<p>&nbsp;<\/p>\n<p>El Banco de Desarrollo de Am\u00e9rica Latina (CAF) dispondr\u00e1 de un financiamiento de US$ 4.000 millones para la Argentina, que ser\u00e1 desembolsado en los pr\u00f3ximos cuatro a\u00f1os para proyectos que atiendan la emergencia por la pandemia de coronavirus, y promover pol\u00edticas sociales y de reactivaci\u00f3n econ\u00f3mica.<\/p>\n<p>As\u00ed lo confirm\u00f3 el titular del Banco de Desarrollo de Am\u00e9rica Latina (CAF), Luis Carranza Ugarte al presidente Alberto Fern\u00e1ndez, durante una videoconferencia que mantuvieron esta tarde, se inform\u00f3 oficialmente.<\/p>\n<p>Ugarte reiter\u00f3 el apoyo de la instituci\u00f3n a la Argentina mediante un financiamiento por US$ 4.000 millones que ser\u00e1n orientados a proyectos para atender la emergencia por el Covid-19, y promover pol\u00edticas sociales y de reactivaci\u00f3n econ\u00f3mica, que ser\u00e1 desembolsado en los pr\u00f3ximos cuatro a\u00f1os.<\/p>\n<p>&#8220;Agradezco que en este momento tan dif\u00edcil para la Argentina y para el mundo la CAF est\u00e9 acompa\u00f1ando. Es muy importante para sostener la asistencia a los sectores m\u00e1s necesitados y para avanzar en planes de infraestructura&#8221;, asegur\u00f3 el presidente Fern\u00e1ndez.<\/p>\n<p>Durante la conversaci\u00f3n, el Jefe de Estado y el titular de CAF abordaron los proyectos que se llevar\u00e1n adelante durante 2020 con \u00e9nfasis en temas sociales y con alto impacto en las provincias y sus municipios, de acuerdo a lo informado oficialmente mediante un comunicado.<\/p>\n<p>&#8220;Nuestra obligaci\u00f3n es ayudar y lo haremos con todo el compromiso&#8221;, afirm\u00f3 Luis Carranza Ugarte y felicit\u00f3 a Fern\u00e1ndez por los indicadores sanitarios de la Argentina que consider\u00f3 como uno de los mejores de la regi\u00f3n.<\/p>\n<p>La inversi\u00f3n proyectada de CAF para 2020 en el pa\u00eds es de US$ 900 millones, que ser\u00e1n destinados a obras de infraestructura, y a dos l\u00edneas de financiamiento de r\u00e1pido desembolso.<\/p>\n<p>Una de esas l\u00edneas ser\u00e1 por US$ 40 millones, para fortalecer la atenci\u00f3n de la emergencia en las provincias, y la otra por US$ 300 millones de d\u00f3lares, para promover pol\u00edticas sociales en favor de la poblaci\u00f3n m\u00e1s vulnerable.<\/p>\n<p>Los fondos destinados a infraestructura incluyen iniciativas vinculadas a la construcci\u00f3n de 103 nuevos edificios educativos, el reacondicionamiento de 130 kil\u00f3metros de rutas, el avance en la renovaci\u00f3n del ferrocarril Belgrano Sur; el desarrollo de obras de integraci\u00f3n socio-urbana y la ejecuci\u00f3n de un proyecto para mejorar el abastecimiento h\u00eddrico en la Provincia de Buenos Aires.<\/p>\n<p>Carranza Ugarte tambi\u00e9n inform\u00f3 al Presidente que el Banco de Desarrollo de Am\u00e9rica Latina se encuentra trabajando para avanzar en la aprobaci\u00f3n en los pr\u00f3ximos meses de nuevos proyectos de infraestructura; de manejo de recursos h\u00eddricos; programas de educaci\u00f3n, y el apoyo al programa de ciudades con futuro a trav\u00e9s de la intervenci\u00f3n integral en barrios populares.<\/p>\n<p>Participaron de la comunicaci\u00f3n, el secretario de asuntos estrat\u00e9gicos, Gustavo B\u00e9liz, y el subsecretario de Relaciones Financieras Internacionales para el Desarrollo, Christian Asinelli.<\/p>\n","protected":false},"excerpt":{"rendered":"<p>As\u00ed lo confirm\u00f3 el titular del Banco de Desarrollo de Am\u00e9rica Latina (CAF), Luis Carranza Ugarte al presidente Alberto Fern\u00e1ndez, durante una videoconferencia &nbsp; &nbsp; El Banco de Desarrollo de Am\u00e9rica Latina (CAF) dispondr\u00e1 de un financiamiento de US$ 4.000 millones para la Argentina, que ser\u00e1 desembolsado en los pr\u00f3ximos cuatro a\u00f1os para proyectos que atiendan la emergencia por la pandemia de coronavirus, y promover pol\u00edticas sociales y de reactivaci\u00f3n econ\u00f3mica. As\u00ed lo confirm\u00f3 el titular del Banco de Desarrollo de Am\u00e9rica Latina (CAF), Luis Carranza Ugarte al presidente Alberto&#8230;<\/p>\n","protected":false},"author":3,"featured_media":61034,"comment_status":"closed","ping_status":"closed","sticky":false,"template":"","format":"standard","meta":[],"categories":[18],"tags":[],"_links":{"self":[{"href":"https:\/\/www.actualidadadiario.com\/index.php\/wp-json\/wp\/v2\/posts\/61033"}],"collection":[{"href":"https:\/\/www.actualidadadiario.com\/index.php\/wp-json\/wp\/v2\/posts"}],"about":[{"href":"https:\/\/www.actualidadadiario.com\/index.php\/wp-json\/wp\/v2\/types\/post"}],"author":[{"embeddable":true,"href":"https:\/\/www.actualidadadiario.com\/index.php\/wp-json\/wp\/v2\/users\/3"}],"replies":[{"embeddable":true,"href":"https:\/\/www.actualidadadiario.com\/index.php\/wp-json\/wp\/v2\/comments?post=61033"}],"version-history":[{"count":1,"href":"https:\/\/www.actualidadadiario.com\/index.php\/wp-json\/wp\/v2\/posts\/61033\/revisions"}],"predecessor-version":[{"id":61035,"href":"https:\/\/www.actualidadadiario.com\/index.php\/wp-json\/wp\/v2\/posts\/61033\/revisions\/61035"}],"wp:featuredmedia":[{"embeddable":true,"href":"https:\/\/www.actualidadadiario.com\/index.php\/wp-json\/wp\/v2\/media\/61034"}],"wp:attachment":[{"href":"https:\/\/www.actualidadadiario.com\/index.php\/wp-json\/wp\/v2\/media?parent=61033"}],"wp:term":[{"taxonomy":"category","embeddable":true,"href":"https:\/\/www.actualidadadiario.com\/index.php\/wp-json\/wp\/v2\/categories?post=61033"},{"taxonomy":"post_tag","embeddable":true,"href":"https:\/\/www.actualidadadiario.com\/index.php\/wp-json\/wp\/v2\/tags?post=61033"}],"curies":[{"name":"wp","href":"https:\/\/api.w.org\/{rel}","templated":true}]}}