{"id":61031,"date":"2020-05-06T12:34:23","date_gmt":"2020-05-06T15:34:23","guid":{"rendered":"https:\/\/www.actualidadadiario.com\/?p=61031"},"modified":"2020-05-06T12:34:23","modified_gmt":"2020-05-06T15:34:23","slug":"el-gobierno-revelo-que-desde-el-11-de-mayo-la-cuarentena-va-a-seguir-pero-con-otras-caracteristicas","status":"publish","type":"post","link":"https:\/\/www.actualidadadiario.com\/index.php\/2020\/05\/06\/el-gobierno-revelo-que-desde-el-11-de-mayo-la-cuarentena-va-a-seguir-pero-con-otras-caracteristicas\/","title":{"rendered":"El Gobierno revel\u00f3 que desde el 11 de mayo &#8220;la cuarentena va a seguir&#8221; pero &#8220;con otras caracter\u00edsticas&#8221;"},"content":{"rendered":"<p style=\"text-align: center;\"><em><strong>Cuando queda menos de una semana para terminar esta etapa del aislamiento, el ministro de Salud confirm\u00f3 que la medida continuar\u00e1 aunque aclar\u00f3 que se flexibilizar\u00e1. Advirti\u00f3 por la situaci\u00f3n del AMBA y precis\u00f3 qu\u00e9 medidas seguir\u00e1n, pero asegur\u00f3 que &#8220;hay personas angustiadas&#8221; y se mostr\u00f3 a favor ampliar la apertura en las zonas de menor circulaci\u00f3n<\/strong><\/em><\/p>\n<p>&nbsp;<\/p>\n<p>&nbsp;<\/p>\n<p>&#8220;La cuarentena va a seguir con otras caracter\u00edsticas&#8221;. As\u00ed el ministro de Salud, Gin\u00e9s Gonz\u00e1lez Garc\u00eda, confirm\u00f3 que el aislamiento social, preventivo y obligatorio para contener la pandemia del coronavirus en la Argentina continuar\u00e1 a partir del 11 de mayo<\/p>\n<p>A s\u00f3lo d\u00edas de la finalizaci\u00f3n de la etapa actual del aislamiento obligatorio, el funcionario ratific\u00f3 que la continuidad de la cuarentena, pero se mostr\u00f3 a favor de permitir m\u00e1s actividades en las zonas de menor circulaci\u00f3n de la infecci\u00f3n para agilizar la econom\u00eda.<\/p>\n<p>\u201cHay personas agotadas y angustiadas y que quieren volver a alguna actividad\u201d, sostuvo Gin\u00e9s, aunque anticip\u00f3 que &#8220;la cuarentena va a seguir con otras caracter\u00edsticas\u201d y que har\u00e1n \u201cel mismo esfuerzo\u201d para ejercer el control fuera del domicilio.<\/p>\n<p>En ese sentido, el titular de la cartera sanitaria precis\u00f3 medidas de cuidado que continuar\u00e1n: \u201cEs decir, el distanciamiento, el barbijo, no meternos nunca en lugares donde haya mucha gente, respetar horarios y colas, y el uso del transporte p\u00fablico con todos los recaudos. El transporte es delicad\u00edsimo\u201d.<\/p>\n<p>En declaraciones a Cr\u00f3nica, Gonz\u00e1lez Garc\u00eda que el gobierno de Alberto Fern\u00e1ndez sabe que &#8220;hay muchas necesidades sociales y econ\u00f3micas\u201d, por lo que se eval\u00faa un esquema m\u00e1s flexible para el aislamiento. &#8220;Est\u00e1 bien que ha sido muy exitoso este per\u00edodo pero por eso yo vengo diciendo hace unos d\u00edas que tenemos que considerar tambi\u00e9n un poco la actividad social y econ\u00f3mica&#8221;, dijo.<\/p>\n<p>Respecto al desarrollo de la pandemia, celebr\u00f3 que \u201cen algunas provincias se ha aplanado totalmente, est\u00e1 disminuyendo, y en otras ni siquiera apareci\u00f3&#8221;.<\/p>\n<p>No obstante, advirti\u00f3 que la situaci\u00f3n es diferente en los centros y zonas m\u00e1s pobladas: &#8220;En los lugares donde tenemos m\u00e1s miedo, que obviamente es el AMBA (\u00c1rea Metropolitana del Buenos Aires), hay un peque\u00f1o crecimiento&#8221;.<\/p>\n<p>Hasta el momento, la cuarentena que aplic\u00f3 el Gobierno demostr\u00f3 ser un \u00e9xito. Desde que se detect\u00f3 el primer caso de coronavirus en la Argentina, la tasa de crecimiento de nuevos contagios registr\u00f3 su porcentaje m\u00e1s bajo y en la novena semana de pandemia se ubic\u00f3 en el 3% diario. En la \u00faltima semana baj\u00f3 el promedio de nuevos casos de 136 a 127.<\/p>\n","protected":false},"excerpt":{"rendered":"<p>Cuando queda menos de una semana para terminar esta etapa del aislamiento, el ministro de Salud confirm\u00f3 que la medida continuar\u00e1 aunque aclar\u00f3 que se flexibilizar\u00e1. Advirti\u00f3 por la situaci\u00f3n del AMBA y precis\u00f3 qu\u00e9 medidas seguir\u00e1n, pero asegur\u00f3 que &#8220;hay personas angustiadas&#8221; y se mostr\u00f3 a favor ampliar la apertura en las zonas de menor circulaci\u00f3n &nbsp; &nbsp; &#8220;La cuarentena va a seguir con otras caracter\u00edsticas&#8221;. As\u00ed el ministro de Salud, Gin\u00e9s Gonz\u00e1lez Garc\u00eda, confirm\u00f3 que el aislamiento social, preventivo y obligatorio para contener la pandemia del coronavirus en&#8230;<\/p>\n","protected":false},"author":3,"featured_media":60945,"comment_status":"closed","ping_status":"closed","sticky":false,"template":"","format":"standard","meta":[],"categories":[18],"tags":[],"_links":{"self":[{"href":"https:\/\/www.actualidadadiario.com\/index.php\/wp-json\/wp\/v2\/posts\/61031"}],"collection":[{"href":"https:\/\/www.actualidadadiario.com\/index.php\/wp-json\/wp\/v2\/posts"}],"about":[{"href":"https:\/\/www.actualidadadiario.com\/index.php\/wp-json\/wp\/v2\/types\/post"}],"author":[{"embeddable":true,"href":"https:\/\/www.actualidadadiario.com\/index.php\/wp-json\/wp\/v2\/users\/3"}],"replies":[{"embeddable":true,"href":"https:\/\/www.actualidadadiario.com\/index.php\/wp-json\/wp\/v2\/comments?post=61031"}],"version-history":[{"count":1,"href":"https:\/\/www.actualidadadiario.com\/index.php\/wp-json\/wp\/v2\/posts\/61031\/revisions"}],"predecessor-version":[{"id":61032,"href":"https:\/\/www.actualidadadiario.com\/index.php\/wp-json\/wp\/v2\/posts\/61031\/revisions\/61032"}],"wp:featuredmedia":[{"embeddable":true,"href":"https:\/\/www.actualidadadiario.com\/index.php\/wp-json\/wp\/v2\/media\/60945"}],"wp:attachment":[{"href":"https:\/\/www.actualidadadiario.com\/index.php\/wp-json\/wp\/v2\/media?parent=61031"}],"wp:term":[{"taxonomy":"category","embeddable":true,"href":"https:\/\/www.actualidadadiario.com\/index.php\/wp-json\/wp\/v2\/categories?post=61031"},{"taxonomy":"post_tag","embeddable":true,"href":"https:\/\/www.actualidadadiario.com\/index.php\/wp-json\/wp\/v2\/tags?post=61031"}],"curies":[{"name":"wp","href":"https:\/\/api.w.org\/{rel}","templated":true}]}}