{"id":61029,"date":"2020-05-06T12:33:25","date_gmt":"2020-05-06T15:33:25","guid":{"rendered":"https:\/\/www.actualidadadiario.com\/?p=61029"},"modified":"2020-05-06T12:33:25","modified_gmt":"2020-05-06T15:33:25","slug":"alberto-recibio-a-cristina-y-hablaron-de-la-cuarentena-y-la-puja-con-los-acreedores","status":"publish","type":"post","link":"https:\/\/www.actualidadadiario.com\/index.php\/2020\/05\/06\/alberto-recibio-a-cristina-y-hablaron-de-la-cuarentena-y-la-puja-con-los-acreedores\/","title":{"rendered":"Alberto recibi\u00f3 a Cristina y hablaron de la cuarentena y la puja con los acreedores"},"content":{"rendered":"<p style=\"text-align: center;\"><em><strong>El encuentro fue a solas y dur\u00f3 tres horas. La negociaci\u00f3n con los bonistas ocup\u00f3 buena parte. Tambi\u00e9n el futuro de la cuarentena y la agenda legislativa<\/strong><\/em><\/p>\n<p>&nbsp;<\/p>\n<p>&nbsp;<\/p>\n<p>Alberto Fern\u00e1ndez y Cristina Kirchner estuvieron reunidos durante tres horas en Olivos, tiempo suficiente para hacer un repaso de toda la agenda. Dentro de ese punteo, en Gobierno aseguraron que el tema de la deuda ocup\u00f3 un tramo importante de la conversaci\u00f3n, en momentos que el forcejeo del ministro de Econom\u00eda, Mart\u00edn Guzm\u00e1n, con los fondos acreedores entr\u00f3 en su instancia m\u00e1s \u00e1lgida. La vicepresidenta respalda absolutamente la estrategia del ministro. \u201cSiempre ella particip\u00f3 con nosotros de esa pol\u00edtica\u201d, explicaban cerca del Presidente. Los otros temas que tocaron fueron el de la salida de la cuarentena, la marcha de la econom\u00eda y la agenda legislativa, luego de que qued\u00f3 establecido que el Senado volver\u00e1 a sesionar a partir de la semana que viene.<\/p>\n<p>Fue una larga reuni\u00f3n a solas en la residencia de Olivos. El Presidente y su vice mantienen un di\u00e1logo diario y cada tanto se re\u00fanen. La diferencia fue que en esta ocasi\u00f3n Fern\u00e1ndez revel\u00f3 de antemano el encuentro, que por lo general mantienen en reserva. En una entrevista televisiva cont\u00f3 su \u00faltimo chat con Cristina, con quien se comunica a trav\u00e9s de la aplicaci\u00f3n Telegram. \u201cLe digo si quiere que vaya yo ma\u00f1ana a visitarla, \u2018me convidas un mate cocido y salgo un poco de ac\u00e1\u2019 y me dice \u2018no prefiero ir yo ma\u00f1ana a Olivos. Ma\u00f1ana estoy yo ah\u00ed\u201d, cont\u00f3 el Presidente el lunes a la noche.<\/p>\n<p>La vicepresidenta lleg\u00f3 a las 15.30 y el encuentro se extendi\u00f3 hasta las 18.30. Obviamente, el tema del momento es la renegociaci\u00f3n de la deuda que entr\u00f3 en su tramo decisivo y ya motiv\u00f3 una reuni\u00f3n el lunes del Presidente con la dirigencia empresarial y la c\u00fapula de a CGT, que fueron a transmitirle su apoyo. \u201cCristina siempre estuvo al tanto de las negociaciones y acompa\u00f1a la estrategia\u201d, explicaban cerca del Presidente luego del encuentro de ayer. Comentaron el cambio de cartas que hab\u00eda tenido Guzm\u00e1n con los acreedores y la decisi\u00f3n del ministro de revelar la propuesta que le envi\u00f3 el fondo Blackrock, inaceptable para el Gobierno. \u201cSiempre se pone dif\u00edcil en el final\u201d, explicaban cerca de Fern\u00e1ndez.<\/p>\n<p>La vicepresidenta entr\u00f3 y sali\u00f3 por el ingreso de calle Libertador, as\u00ed que no fue captada por las c\u00e1maras que montaron guardia sobre la entrada habitual por Villate. Se gener\u00f3 expectativa en torno al encuentro por el anuncio previo y porque ocurri\u00f3 luego del recambio en la Anses de Alejandro Vanoli por Fernanda Raverta. El Presidente revel\u00f3 que el reemplazo lo decidieron juntos. \u201cSe nos ocurri\u00f3 hablando a los dos. Surgi\u00f3 como un nombre que yo plante\u00e9 que me gustar\u00eda traerla al gobierno, por un comentario que hizo ella\u201d, dijo en la entrevista del lunes. Tambi\u00e9n hab\u00eda subrayado: \u201cHay como una suerte de disputa de qui\u00e9n pone Cristina y qui\u00e9n pone Alberto. Y la verdad es que, en general, Cristina y Alberto se nutren del mismo lugar porque siempre hemos estado juntos en pol\u00edtica\u201d.<\/p>\n<p>Charlaron sobre la marcha de la econom\u00eda y de la salida del aislamiento, dos temas \u00edntimamente relacionados. El Gobierno prepara a partir de la semana que viene la cuarta fase de la cuarentena, a partir de la cual se habilitar\u00e1n m\u00e1s actividades productivas, aunque siempre siguiendo un estricto protocolo sanitario. Un derivado del aislamiento fue la situaci\u00f3n generada por la salida de un grupo de detenidos de las c\u00e1rceles en todo el pa\u00eds, resuelta por los jueces en consonancia con las recomendaciones de los organismos internacionales para evitar contagios masivos. Se sabe que la vicepresidenta pone una atenci\u00f3n especial en la gesti\u00f3n de Axel Kicillof en la provincia de Buenos Aires. Este martes, a trav\u00e9s de las redes sociales, comparti\u00f3 un video sobre la situaci\u00f3n en las c\u00e1rceles bonaerenses y la conferencia de prensa que ofreci\u00f3 el gobernador junto a sus ministros de Justicia y Seguridad, Julio Alak y Sergio Berni. \u201cVale la pena para poder entender qu\u00e9 pas\u00f3 y qu\u00e9 est\u00e1 pasando\u201d, explic\u00f3.<\/p>\n<p>Por \u00faltimo, otro punto del encuentro en Olivos fue el de la agenda legislativa. Luego de ir en consulta a la Corte Suprema, Cristina Kirchner finalmente program\u00f3 la primera sesi\u00f3n del Senado para la semana que viene. La idea en esa primera sesi\u00f3n es aprobar los veinte DNU que el Presidente firm\u00f3 para atender la pandemia. Pero la mayor expectativa est\u00e1 centrada en el cronograma del proyecto del Frente de Todos para gravar a las grandes fortunas que ingresar\u00e1 por Diputados y que ya provoc\u00f3 el rechazo del macrismo.<\/p>\n","protected":false},"excerpt":{"rendered":"<p>El encuentro fue a solas y dur\u00f3 tres horas. La negociaci\u00f3n con los bonistas ocup\u00f3 buena parte. Tambi\u00e9n el futuro de la cuarentena y la agenda legislativa &nbsp; &nbsp; Alberto Fern\u00e1ndez y Cristina Kirchner estuvieron reunidos durante tres horas en Olivos, tiempo suficiente para hacer un repaso de toda la agenda. Dentro de ese punteo, en Gobierno aseguraron que el tema de la deuda ocup\u00f3 un tramo importante de la conversaci\u00f3n, en momentos que el forcejeo del ministro de Econom\u00eda, Mart\u00edn Guzm\u00e1n, con los fondos acreedores entr\u00f3 en su instancia&#8230;<\/p>\n","protected":false},"author":3,"featured_media":54288,"comment_status":"closed","ping_status":"closed","sticky":false,"template":"","format":"standard","meta":[],"categories":[9],"tags":[],"_links":{"self":[{"href":"https:\/\/www.actualidadadiario.com\/index.php\/wp-json\/wp\/v2\/posts\/61029"}],"collection":[{"href":"https:\/\/www.actualidadadiario.com\/index.php\/wp-json\/wp\/v2\/posts"}],"about":[{"href":"https:\/\/www.actualidadadiario.com\/index.php\/wp-json\/wp\/v2\/types\/post"}],"author":[{"embeddable":true,"href":"https:\/\/www.actualidadadiario.com\/index.php\/wp-json\/wp\/v2\/users\/3"}],"replies":[{"embeddable":true,"href":"https:\/\/www.actualidadadiario.com\/index.php\/wp-json\/wp\/v2\/comments?post=61029"}],"version-history":[{"count":1,"href":"https:\/\/www.actualidadadiario.com\/index.php\/wp-json\/wp\/v2\/posts\/61029\/revisions"}],"predecessor-version":[{"id":61030,"href":"https:\/\/www.actualidadadiario.com\/index.php\/wp-json\/wp\/v2\/posts\/61029\/revisions\/61030"}],"wp:featuredmedia":[{"embeddable":true,"href":"https:\/\/www.actualidadadiario.com\/index.php\/wp-json\/wp\/v2\/media\/54288"}],"wp:attachment":[{"href":"https:\/\/www.actualidadadiario.com\/index.php\/wp-json\/wp\/v2\/media?parent=61029"}],"wp:term":[{"taxonomy":"category","embeddable":true,"href":"https:\/\/www.actualidadadiario.com\/index.php\/wp-json\/wp\/v2\/categories?post=61029"},{"taxonomy":"post_tag","embeddable":true,"href":"https:\/\/www.actualidadadiario.com\/index.php\/wp-json\/wp\/v2\/tags?post=61029"}],"curies":[{"name":"wp","href":"https:\/\/api.w.org\/{rel}","templated":true}]}}