{"id":61024,"date":"2020-05-06T12:30:27","date_gmt":"2020-05-06T15:30:27","guid":{"rendered":"https:\/\/www.actualidadadiario.com\/?p=61024"},"modified":"2020-05-06T12:30:27","modified_gmt":"2020-05-06T15:30:27","slug":"crean-la-mesa-de-distribucion-de-energia-para-garantizar-la-adecuada-prestacion-del-servicio","status":"publish","type":"post","link":"https:\/\/www.actualidadadiario.com\/index.php\/2020\/05\/06\/crean-la-mesa-de-distribucion-de-energia-para-garantizar-la-adecuada-prestacion-del-servicio\/","title":{"rendered":"Crean la Mesa de Distribuci\u00f3n de Energ\u00eda para &#8220;garantizar la adecuada prestaci\u00f3n del servicio&#8221;"},"content":{"rendered":"<p style=\"text-align: center;\"><em><strong>El Ente Nacional Regulador de la Electricidad (ENRE) dispuso hoy la constituci\u00f3n de una Mesa de Distribuci\u00f3n de Energ\u00eda. La mismo tendr\u00e1 como objetivo \u201cgarantizar la adecuada prestaci\u00f3n del servicio p\u00fablico\u201d de las empresas Edenor y Edesur. Ser\u00e1 por el per\u00edodo mientras se implemente la cuarentena obligatoria<\/strong><\/em><\/p>\n<p>&nbsp;<\/p>\n<p>Seg\u00fan la resoluci\u00f3n 29\/2020 publicada este mi\u00e9rcoles en el Bolet\u00edn Oficial tambi\u00e9n se cre\u00f3 la Mesa de Transporte de Energ\u00eda. Busca \u201cgenerar un \u00e1mbito de comunicaci\u00f3n, coordinaci\u00f3n y articulaci\u00f3n de cuestiones t\u00e9cnicas, operativas y comerciales\u201d en el marco del aislamiento obligatorio. Ambas Mesas fueron constituidas hoy y formalizadas por el Ente.<\/p>\n<p>Seg\u00fan lo dispuesto, se convocar\u00e1 a reuniones \u201cpara el tratamiento de cuestiones relevantes sobre las cuales no puedan resolverse por los mecanismos de comunicaci\u00f3n establecidos oportunamente\u201d. As\u00ed, estos encuentros se llevar\u00e1n a cabo en la sede del ENRE y\/o mediante teleconferencia.<\/p>\n<p>El ENRE dispuso que los objetivos de las Mesas ser\u00e1n coordinar las tareas que resulten necesarias ante la situaci\u00f3n de emergencia. Esto con la finalidad de asegurar a los usuarios la adecuada prestaci\u00f3n del servicio de distribuci\u00f3n de energ\u00eda el\u00e9ctrica en estas condiciones. Siempre en el marco de las competencias y atribuciones de cada uno de los participantes. Tambi\u00e9n tendr\u00e1n que articular las medidas que se dispongan durante la emergencia por los respectivos organismos. Y monitorear el efectivo cumplimiento de estas normas.<\/p>\n<p>En este contexto, el ENRE modific\u00f3 la f\u00f3rmula para la estimaci\u00f3n del consumo de usuarios residenciales. De esta forma, con la nueva medida, las distribuidoras Edenor y Edesur deber\u00e1n realizar el proceso teniendo en cuenta el menor registro de los \u00faltimos tres a\u00f1os. Ser\u00e1 para los correspondientes al mismo per\u00edodo. La decisi\u00f3n fue publicada este mi\u00e9rcoles en el Bolet\u00edn Oficial, mediante la resoluci\u00f3n 27\/2020.<\/p>\n","protected":false},"excerpt":{"rendered":"<p>El Ente Nacional Regulador de la Electricidad (ENRE) dispuso hoy la constituci\u00f3n de una Mesa de Distribuci\u00f3n de Energ\u00eda. La mismo tendr\u00e1 como objetivo \u201cgarantizar la adecuada prestaci\u00f3n del servicio p\u00fablico\u201d de las empresas Edenor y Edesur. Ser\u00e1 por el per\u00edodo mientras se implemente la cuarentena obligatoria &nbsp; Seg\u00fan la resoluci\u00f3n 29\/2020 publicada este mi\u00e9rcoles en el Bolet\u00edn Oficial tambi\u00e9n se cre\u00f3 la Mesa de Transporte de Energ\u00eda. Busca \u201cgenerar un \u00e1mbito de comunicaci\u00f3n, coordinaci\u00f3n y articulaci\u00f3n de cuestiones t\u00e9cnicas, operativas y comerciales\u201d en el marco del aislamiento obligatorio. Ambas&#8230;<\/p>\n","protected":false},"author":3,"featured_media":42210,"comment_status":"closed","ping_status":"closed","sticky":false,"template":"","format":"standard","meta":[],"categories":[2],"tags":[],"_links":{"self":[{"href":"https:\/\/www.actualidadadiario.com\/index.php\/wp-json\/wp\/v2\/posts\/61024"}],"collection":[{"href":"https:\/\/www.actualidadadiario.com\/index.php\/wp-json\/wp\/v2\/posts"}],"about":[{"href":"https:\/\/www.actualidadadiario.com\/index.php\/wp-json\/wp\/v2\/types\/post"}],"author":[{"embeddable":true,"href":"https:\/\/www.actualidadadiario.com\/index.php\/wp-json\/wp\/v2\/users\/3"}],"replies":[{"embeddable":true,"href":"https:\/\/www.actualidadadiario.com\/index.php\/wp-json\/wp\/v2\/comments?post=61024"}],"version-history":[{"count":1,"href":"https:\/\/www.actualidadadiario.com\/index.php\/wp-json\/wp\/v2\/posts\/61024\/revisions"}],"predecessor-version":[{"id":61025,"href":"https:\/\/www.actualidadadiario.com\/index.php\/wp-json\/wp\/v2\/posts\/61024\/revisions\/61025"}],"wp:featuredmedia":[{"embeddable":true,"href":"https:\/\/www.actualidadadiario.com\/index.php\/wp-json\/wp\/v2\/media\/42210"}],"wp:attachment":[{"href":"https:\/\/www.actualidadadiario.com\/index.php\/wp-json\/wp\/v2\/media?parent=61024"}],"wp:term":[{"taxonomy":"category","embeddable":true,"href":"https:\/\/www.actualidadadiario.com\/index.php\/wp-json\/wp\/v2\/categories?post=61024"},{"taxonomy":"post_tag","embeddable":true,"href":"https:\/\/www.actualidadadiario.com\/index.php\/wp-json\/wp\/v2\/tags?post=61024"}],"curies":[{"name":"wp","href":"https:\/\/api.w.org\/{rel}","templated":true}]}}