{"id":61018,"date":"2020-05-06T12:28:05","date_gmt":"2020-05-06T15:28:05","guid":{"rendered":"https:\/\/www.actualidadadiario.com\/?p=61018"},"modified":"2020-05-06T12:28:05","modified_gmt":"2020-05-06T15:28:05","slug":"para-privados-en-plena-cuarentena-la-inflacion-de-abril-fue-del-08","status":"publish","type":"post","link":"https:\/\/www.actualidadadiario.com\/index.php\/2020\/05\/06\/para-privados-en-plena-cuarentena-la-inflacion-de-abril-fue-del-08\/","title":{"rendered":"Para privados, en plena cuarentena la inflaci\u00f3n de abril fue del 0,8%"},"content":{"rendered":"<p style=\"text-align: center;\"><em><strong>De acuerdo con el IPC elaborado por Orlando J. Ferreres, el \u00edndice de precios acumul\u00f3 una suba de 9,8% en los primeros cuatro meses del a\u00f1o<\/strong><\/em><\/p>\n<p>&nbsp;<\/p>\n<p>&nbsp;<\/p>\n<p>El Centro de Estudios Econ\u00f3micos de Orlando J. Ferreres public\u00f3 el IPC-OJF (GBA) que recoge datos de plena cuarentena, mostrando que la inflaci\u00f3n de abril fue de 0,8% mensual, registrando un crecimiento interanual de 47,9%.<\/p>\n<p>De esta manera, el \u00edndice de precios acumul\u00f3 una suba de 9,8% en los primeros cuatro meses del a\u00f1o.<\/p>\n<p>El informe muestra que el IPC-OJF (GBA) exhibi\u00f3 un marcado descenso en su din\u00e1mica a ra\u00edz de la profundizaci\u00f3n en la ca\u00edda del nivel de actividad y las dificultades impuestas por la propia cuarentena por el Covid-19.<\/p>\n<p>En cuanto a los principales rubros, \u201cAlimentos y bebidas avanzaron un 0,3% mientras que Transporte y comunicaciones lo hizo en el orden del 0,3% mensual\u201d.<\/p>\n<p>Asimismo, el sector de \u201cSalud creci\u00f3 0,2% mensual, al tiempo que Vivienda aument\u00f3 un 1,5%\u201d; mientras que, luego de registrar una din\u00e1mica exacerbada durante el mes de marzo producto del inicio del ciclo lectivo, \u201cEducaci\u00f3n avanz\u00f3 un 0,2% mensual\u201d.<\/p>\n<p>Por otro lado, la \u00fanica categor\u00eda de la canasta general que registr\u00f3 una variaci\u00f3n negativa fue Bienes Varios, la cual fue de -0,6%.<\/p>\n<p>En cuanto a la inflaci\u00f3n n\u00facleo, por otra parte, avanz\u00f3 a un ritmo mensual de 0,5%, marcando un aumento del 46,5% anual.<\/p>\n<p>Adem\u00e1s, los bienes y servicios regulados crecieron 0,2%, mientras que los estacionales arrojaron una suba del 4,6% mensual.<\/p>\n","protected":false},"excerpt":{"rendered":"<p>De acuerdo con el IPC elaborado por Orlando J. Ferreres, el \u00edndice de precios acumul\u00f3 una suba de 9,8% en los primeros cuatro meses del a\u00f1o &nbsp; &nbsp; El Centro de Estudios Econ\u00f3micos de Orlando J. Ferreres public\u00f3 el IPC-OJF (GBA) que recoge datos de plena cuarentena, mostrando que la inflaci\u00f3n de abril fue de 0,8% mensual, registrando un crecimiento interanual de 47,9%. De esta manera, el \u00edndice de precios acumul\u00f3 una suba de 9,8% en los primeros cuatro meses del a\u00f1o. El informe muestra que el IPC-OJF (GBA) exhibi\u00f3&#8230;<\/p>\n","protected":false},"author":3,"featured_media":60213,"comment_status":"closed","ping_status":"closed","sticky":false,"template":"","format":"standard","meta":[],"categories":[2],"tags":[],"_links":{"self":[{"href":"https:\/\/www.actualidadadiario.com\/index.php\/wp-json\/wp\/v2\/posts\/61018"}],"collection":[{"href":"https:\/\/www.actualidadadiario.com\/index.php\/wp-json\/wp\/v2\/posts"}],"about":[{"href":"https:\/\/www.actualidadadiario.com\/index.php\/wp-json\/wp\/v2\/types\/post"}],"author":[{"embeddable":true,"href":"https:\/\/www.actualidadadiario.com\/index.php\/wp-json\/wp\/v2\/users\/3"}],"replies":[{"embeddable":true,"href":"https:\/\/www.actualidadadiario.com\/index.php\/wp-json\/wp\/v2\/comments?post=61018"}],"version-history":[{"count":1,"href":"https:\/\/www.actualidadadiario.com\/index.php\/wp-json\/wp\/v2\/posts\/61018\/revisions"}],"predecessor-version":[{"id":61019,"href":"https:\/\/www.actualidadadiario.com\/index.php\/wp-json\/wp\/v2\/posts\/61018\/revisions\/61019"}],"wp:featuredmedia":[{"embeddable":true,"href":"https:\/\/www.actualidadadiario.com\/index.php\/wp-json\/wp\/v2\/media\/60213"}],"wp:attachment":[{"href":"https:\/\/www.actualidadadiario.com\/index.php\/wp-json\/wp\/v2\/media?parent=61018"}],"wp:term":[{"taxonomy":"category","embeddable":true,"href":"https:\/\/www.actualidadadiario.com\/index.php\/wp-json\/wp\/v2\/categories?post=61018"},{"taxonomy":"post_tag","embeddable":true,"href":"https:\/\/www.actualidadadiario.com\/index.php\/wp-json\/wp\/v2\/tags?post=61018"}],"curies":[{"name":"wp","href":"https:\/\/api.w.org\/{rel}","templated":true}]}}