{"id":61007,"date":"2020-05-06T12:24:25","date_gmt":"2020-05-06T15:24:25","guid":{"rendered":"https:\/\/www.actualidadadiario.com\/?p=61007"},"modified":"2020-05-06T12:24:25","modified_gmt":"2020-05-06T15:24:25","slug":"hoy-se-concretara-la-apelacion-de-arrestos-por-apremios-que-motivaron-allanamiento-a-jefatura-de-federacion","status":"publish","type":"post","link":"https:\/\/www.actualidadadiario.com\/index.php\/2020\/05\/06\/hoy-se-concretara-la-apelacion-de-arrestos-por-apremios-que-motivaron-allanamiento-a-jefatura-de-federacion\/","title":{"rendered":"Hoy se concretar\u00e1 la apelaci\u00f3n de arrestos por apremios que motivaron allanamiento a Jefatura de Federaci\u00f3n"},"content":{"rendered":"<p style=\"text-align: center;\"><em><strong>La audiencia de apelaci\u00f3n de las prisiones preventivas dispuestas sobre tres funcionarios policiales por vejaciones a un detenido se concretar\u00e1 este mi\u00e9rcoles, inform\u00f3 la fiscal de la causa, Mar\u00eda Josefina Pen\u00f3n Busaniche. En la investigaci\u00f3n, la Justicia dispuso el allanamiento de la Jefatura de Federaci\u00f3n por la Prefectura, lo que gener\u00f3 una fuerte reacci\u00f3n de la estructura policial y una r\u00e9plica casi inmediata de la Asociaci\u00f3n de Magistrados<\/strong><\/em><\/p>\n<p>&nbsp;<\/p>\n<p>&nbsp;<\/p>\n<p>\u201cLos tres funcionarios policiales imputados siguen arrestados. Ma\u00f1ana es la audiencia de apelaci\u00f3n, porque sus abogados han apelado esta cautelar que orden\u00f3 el juez de Garant\u00edas\u201d, Sergio Rondoni Caffa inform\u00f3 Pen\u00f3n Busaniche. La audiencia ser\u00e1 en la Sala Penal de Concordia, ante el juez Pablo Garrera Allende.<\/p>\n<p>Los funcionarios policiales m\u00e1s comprometidos en la causa por supuestos apremios realizados contra el ciudadano Ricardo Monz\u00f3n, est\u00e1n con arresto domiciliario por 30 d\u00edas desde el s\u00e1bado 25 de abril. Adem\u00e1s, la fiscal imput\u00f3 en el expediente al jefe de la Departamental, Fabio Noya, quien habr\u00eda estado presente en el edificio cuando se habr\u00edan sucedido los abusos.<\/p>\n<p>La Fiscal inici\u00f3 de oficio una investigaci\u00f3n luego de tomar conocimiento que el lunes 20 de abril, a las dos de la tarde, personal uniformado hab\u00eda detenido a Monz\u00f3n y, en el traslado a la Jefatura, lo habr\u00edan golpeado fuertemente, hasta con un palo. La Polic\u00eda indic\u00f3 que las lesiones constatadas en el cuerpo del hombre se debieron a una ca\u00edda, pero por sus caracter\u00edsticas se corresponder\u00edan m\u00e1s con una golpiza, tal como manifest\u00f3 Monz\u00f3n.<\/p>\n<p>La fiscal coment\u00f3 que, a esta altura de la causa, est\u00e1 trabajando en la producci\u00f3n de pruebas para el legajo de investigaci\u00f3n, caratulado \u201cRomero Acu\u00f1a, Maximiliano y otros s\/ severidades y vejaciones\u201d. Los otros dos uniformados complicados son Francisco Mantel y Dami\u00e1n Basualdo.<\/p>\n<p>Los abogados que representan a los uniformados comprometidos son Andr\u00e9s Pessolani; Rafael Brice\u00f1o; Miguel \u00c1ngel Cullen y Patricia Bal\u00edn.<\/p>\n<p>&nbsp;<\/p>\n<p><strong>Revuelo<\/strong><\/p>\n<p>El procedimiento en la Jefatura solicitado por la Fiscal y convalidado por el Juez gener\u00f3 una dura reacci\u00f3n de la c\u00fapula policial, molesta por el ingreso a una de sus sedes de personal fuertemente armado de la Prefectura Nacional, que tuvo a su cargo el operativo.<\/p>\n<p>El jefe de la Polic\u00eda, Gustavo Maslein, public\u00f3 un duro comunicado contra el Magistrado y la Fiscal, acus\u00e1ndolos de \u201cinvadir\u201d la sede policial. Esto motiv\u00f3 que la Asociaci\u00f3n de Magistrados de la provincia saliera r\u00e1pidamente en defensa de Pen\u00f3n Busaniche y de Rondoni Caffa.<\/p>\n","protected":false},"excerpt":{"rendered":"<p>La audiencia de apelaci\u00f3n de las prisiones preventivas dispuestas sobre tres funcionarios policiales por vejaciones a un detenido se concretar\u00e1 este mi\u00e9rcoles, inform\u00f3 la fiscal de la causa, Mar\u00eda Josefina Pen\u00f3n Busaniche. En la investigaci\u00f3n, la Justicia dispuso el allanamiento de la Jefatura de Federaci\u00f3n por la Prefectura, lo que gener\u00f3 una fuerte reacci\u00f3n de la estructura policial y una r\u00e9plica casi inmediata de la Asociaci\u00f3n de Magistrados &nbsp; &nbsp; \u201cLos tres funcionarios policiales imputados siguen arrestados. Ma\u00f1ana es la audiencia de apelaci\u00f3n, porque sus abogados han apelado esta cautelar&#8230;<\/p>\n","protected":false},"author":3,"featured_media":61008,"comment_status":"closed","ping_status":"closed","sticky":false,"template":"","format":"standard","meta":[],"categories":[15],"tags":[],"_links":{"self":[{"href":"https:\/\/www.actualidadadiario.com\/index.php\/wp-json\/wp\/v2\/posts\/61007"}],"collection":[{"href":"https:\/\/www.actualidadadiario.com\/index.php\/wp-json\/wp\/v2\/posts"}],"about":[{"href":"https:\/\/www.actualidadadiario.com\/index.php\/wp-json\/wp\/v2\/types\/post"}],"author":[{"embeddable":true,"href":"https:\/\/www.actualidadadiario.com\/index.php\/wp-json\/wp\/v2\/users\/3"}],"replies":[{"embeddable":true,"href":"https:\/\/www.actualidadadiario.com\/index.php\/wp-json\/wp\/v2\/comments?post=61007"}],"version-history":[{"count":1,"href":"https:\/\/www.actualidadadiario.com\/index.php\/wp-json\/wp\/v2\/posts\/61007\/revisions"}],"predecessor-version":[{"id":61009,"href":"https:\/\/www.actualidadadiario.com\/index.php\/wp-json\/wp\/v2\/posts\/61007\/revisions\/61009"}],"wp:featuredmedia":[{"embeddable":true,"href":"https:\/\/www.actualidadadiario.com\/index.php\/wp-json\/wp\/v2\/media\/61008"}],"wp:attachment":[{"href":"https:\/\/www.actualidadadiario.com\/index.php\/wp-json\/wp\/v2\/media?parent=61007"}],"wp:term":[{"taxonomy":"category","embeddable":true,"href":"https:\/\/www.actualidadadiario.com\/index.php\/wp-json\/wp\/v2\/categories?post=61007"},{"taxonomy":"post_tag","embeddable":true,"href":"https:\/\/www.actualidadadiario.com\/index.php\/wp-json\/wp\/v2\/tags?post=61007"}],"curies":[{"name":"wp","href":"https:\/\/api.w.org\/{rel}","templated":true}]}}