{"id":61005,"date":"2020-05-06T12:23:29","date_gmt":"2020-05-06T15:23:29","guid":{"rendered":"https:\/\/www.actualidadadiario.com\/?p=61005"},"modified":"2020-05-06T12:23:29","modified_gmt":"2020-05-06T15:23:29","slug":"la-tarjeta-alimentar-se-cargara-los-viernes-durante-mayo","status":"publish","type":"post","link":"https:\/\/www.actualidadadiario.com\/index.php\/2020\/05\/06\/la-tarjeta-alimentar-se-cargara-los-viernes-durante-mayo\/","title":{"rendered":"La tarjeta Alimentar se cargar\u00e1 los viernes durante mayo"},"content":{"rendered":"<p style=\"text-align: center;\"><em><strong>El Ministerio de Desarrollo Social de la provincia inform\u00f3 que durante mayo el pago de la tarjeta Alimentar se va a acreditar semanalmente los viernes. De este modo, el monto mensual de entre 4 mil y 6 mil pesos, que no ser\u00e1 modificado, se dividir\u00e1 en cuatro pagos<\/strong><\/em><\/p>\n<p>&nbsp;<\/p>\n<p>&nbsp;<\/p>\n<p>Con el dinero de la tarjeta se pueden comprar frutas, verduras, l\u00e1cteos y carne, excepto bebidas alcoh\u00f3licas.<\/p>\n<p>La tarjeta Alimentar est\u00e1 destinada a madres y padres con hijos o hijas de hasta 6 a\u00f1os que reciben la Asignaci\u00f3n Universal por Hijo (AUH); embarazadas a partir de los tres meses que cobran la Asignaci\u00f3n por Embarazo; y personas con discapacidad que reciben la AUH.<\/p>\n<p>Desde la cartera social recordaron a quienes pierdan el pl\u00e1stico que deben llamar al tel\u00e9fono 0810-666-4803 para realizar la denuncia.<\/p>\n","protected":false},"excerpt":{"rendered":"<p>El Ministerio de Desarrollo Social de la provincia inform\u00f3 que durante mayo el pago de la tarjeta Alimentar se va a acreditar semanalmente los viernes. De este modo, el monto mensual de entre 4 mil y 6 mil pesos, que no ser\u00e1 modificado, se dividir\u00e1 en cuatro pagos &nbsp; &nbsp; Con el dinero de la tarjeta se pueden comprar frutas, verduras, l\u00e1cteos y carne, excepto bebidas alcoh\u00f3licas. La tarjeta Alimentar est\u00e1 destinada a madres y padres con hijos o hijas de hasta 6 a\u00f1os que reciben la Asignaci\u00f3n Universal por&#8230;<\/p>\n","protected":false},"author":3,"featured_media":60704,"comment_status":"closed","ping_status":"closed","sticky":false,"template":"","format":"standard","meta":[],"categories":[15],"tags":[],"_links":{"self":[{"href":"https:\/\/www.actualidadadiario.com\/index.php\/wp-json\/wp\/v2\/posts\/61005"}],"collection":[{"href":"https:\/\/www.actualidadadiario.com\/index.php\/wp-json\/wp\/v2\/posts"}],"about":[{"href":"https:\/\/www.actualidadadiario.com\/index.php\/wp-json\/wp\/v2\/types\/post"}],"author":[{"embeddable":true,"href":"https:\/\/www.actualidadadiario.com\/index.php\/wp-json\/wp\/v2\/users\/3"}],"replies":[{"embeddable":true,"href":"https:\/\/www.actualidadadiario.com\/index.php\/wp-json\/wp\/v2\/comments?post=61005"}],"version-history":[{"count":1,"href":"https:\/\/www.actualidadadiario.com\/index.php\/wp-json\/wp\/v2\/posts\/61005\/revisions"}],"predecessor-version":[{"id":61006,"href":"https:\/\/www.actualidadadiario.com\/index.php\/wp-json\/wp\/v2\/posts\/61005\/revisions\/61006"}],"wp:featuredmedia":[{"embeddable":true,"href":"https:\/\/www.actualidadadiario.com\/index.php\/wp-json\/wp\/v2\/media\/60704"}],"wp:attachment":[{"href":"https:\/\/www.actualidadadiario.com\/index.php\/wp-json\/wp\/v2\/media?parent=61005"}],"wp:term":[{"taxonomy":"category","embeddable":true,"href":"https:\/\/www.actualidadadiario.com\/index.php\/wp-json\/wp\/v2\/categories?post=61005"},{"taxonomy":"post_tag","embeddable":true,"href":"https:\/\/www.actualidadadiario.com\/index.php\/wp-json\/wp\/v2\/tags?post=61005"}],"curies":[{"name":"wp","href":"https:\/\/api.w.org\/{rel}","templated":true}]}}