{"id":61002,"date":"2020-05-06T12:22:47","date_gmt":"2020-05-06T15:22:47","guid":{"rendered":"https:\/\/www.actualidadadiario.com\/?p=61002"},"modified":"2020-05-06T12:22:47","modified_gmt":"2020-05-06T15:22:47","slug":"se-habilito-la-certificacion-para-el-regreso-al-domicilio-habitual","status":"publish","type":"post","link":"https:\/\/www.actualidadadiario.com\/index.php\/2020\/05\/06\/se-habilito-la-certificacion-para-el-regreso-al-domicilio-habitual\/","title":{"rendered":"Se habilit\u00f3 la certificaci\u00f3n para el regreso al domicilio habitual"},"content":{"rendered":"<p style=\"text-align: center;\"><em><strong>Es un permiso de traslado excepcional para aquellos habitantes que hoy se encuentren en un domicilio distinto a su habitual. El gobierno provincial dispuso diversos canales para su gesti\u00f3n. El n\u00famero telef\u00f3nico es 0800 555 8500, el mail regresoacasa@entrerios.gov.ar ,y el whatsapp 343 5176650<\/strong><\/em><\/p>\n<p>&nbsp;<\/p>\n<p>&nbsp;<\/p>\n<p>El link del formulario es https:\/\/www.entrerios.gov.ar\/portal\/regresoacasa\/formulario.php<\/p>\n<p>La secretaria de modernizaci\u00f3n, Lucrecia Escand\u00f3n, indic\u00f3 que a trav\u00e9s de la Resoluci\u00f3n Conjunta 3\/2020 del Ministerio del Interior de la Naci\u00f3n y Transporte del 30\/04\/2020 publicada en el Bolet\u00edn Oficial el pasado d\u00eda viernes, se habilit\u00f3 la certificaci\u00f3n para el regreso al domicilio habitual, y explic\u00f3 que dicha \u201ccertificaci\u00f3n es un permiso de traslado excepcional para aquellos habitantes que hoy se encuentran en un domicilio distinto a su domicilio habitual y que cuenten con veh\u00edculo particular para volver a su ciudad de origen\u201d.<\/p>\n<p>Inform\u00f3 que se puso a disposici\u00f3n a partir de este martes un 0800 para el conmutador central de Casa de Gobierno que ven\u00eda trabajando desde telefon\u00eda fija. El n\u00famero es 0800 555 8500 y con atenci\u00f3n de 8 a 18 horas. El equipo de la Secretar\u00eda de Modernizaci\u00f3n atender\u00e1 consultas sobre las distintas iniciativas provinciales, haciendo las derivaciones correspondientes a cada uno de los organismos y, en particular este martes, la puesta en vigencia del certificado de regreso a domicilio habitual.<\/p>\n<p>Explic\u00f3 que la norma que habilita la certificaci\u00f3n para el regreso al domicilio habitual establece que el registro debe ser desarrollado a trav\u00e9s de los gobiernos provinciales. El gobierno de la provincia de Entre R\u00edos habilit\u00f3 en la p\u00e1gina oficial del gobierno de Entre R\u00edos www.entrerios.gov.ar, un bot\u00f3n que se denomina Regreso a casa, en donde cada ciudadano entrerriano que se encuentre fuera de la provincia podr\u00e1 tramitar la solicitud de dicho certificado.<\/p>\n<p>Escand\u00f3n explic\u00f3 que el certificado es otorgado por el Gobierno Nacional y que desde la provincia diariamente se enviar\u00e1 la informaci\u00f3n de la base de datos registrados. \u201cPedimos a todos los entrerrianos que tengan paciencia para regresar a casa. El formulario estar\u00e1 disponible de forma permanente. No hay cupos pero s\u00ed tenemos que ser responsable respecto de las medidas sanitarias necesarias para llevar un control ordenado del regreso de cada entrerriano a la provincia de Ente R\u00edos\u201d.<\/p>\n<p>En ese sentido, precis\u00f3 que la solicitud es por \u00fanica vez. \u201cUna vez qu\u00e9 el gobierno emite dicha certificaci\u00f3n, tendr\u00e1 una validez de 96 horas a partir de su emisi\u00f3n y ser\u00e1 comunicada por los medios de contacto que van a consignar en el formulario, tanto n\u00famero de tel\u00e9fono como correo electr\u00f3nico. \u201cDesde el gobierno de la provincia vamos a estarles comunicando cuando ese certificado ya est\u00e9 habilitado para ser descargado desde la p\u00e1gina nacional de Regreso a casa\u201d, asegur\u00f3 la secretaria de Modernizaci\u00f3n del Estado.<\/p>\n<p>&nbsp;<\/p>\n<p><strong>Condiciones para solicitar el certificado<\/strong><\/p>\n<p>Escand\u00f3n precis\u00f3 las condiciones para solicitar dicho certificado: \u201cLa primera es que puedan dar cuenta de su domicilio habitual en la provincia de Entre R\u00edos. Para ello el formulario le solicita que ajunte una imagen de frente y dorso de su DNI, en el caso de que no tengan la informaci\u00f3n actualizada en su DNI, podr\u00e1n acreditarlo a trav\u00e9s de otros tipo de documentaci\u00f3n, como por ejemplo la factura de alg\u00fan servicio u otra documentaci\u00f3n\u201d, indic\u00f3.<\/p>\n<p>&nbsp;<\/p>\n<p><strong>V\u00edas de comunicaci\u00f3n<\/strong><\/p>\n<p>Sobre consultas al respecto de la documentaci\u00f3n, Escand\u00f3n dijo que estar\u00e1n respondiendo a trav\u00e9s de dos v\u00edas de contactos. Por un lado, el correo electr\u00f3nico deregresoacasa@entrerios.gov.ar y tambi\u00e9n a trav\u00e9s de consultas v\u00eda WhatsApp al n\u00famero de tel\u00e9fono 343 5176650.<\/p>\n<p>&nbsp;<\/p>\n<p><strong>Recomendaciones para el regreso a la provincia<\/strong><\/p>\n<p>La funcionaria resalt\u00f3 \u201cque aquellos entrerrianos que obtengan la certificaci\u00f3n para retornar a casa, se les indicar\u00e1 las medidas sanitarias que deben adoptar, entre ellas la utilizaci\u00f3n del tapaboca o barbijo en el momento de trasladarse en el veh\u00edculo. Tambi\u00e9n estar\u00e1n obligados a realizar la cuarenta obligatoria en su llegada a la provincia de Entre R\u00edos\u201d, precis\u00f3.<\/p>\n<p>&nbsp;<\/p>\n<p><strong>Gestiones y desarrollos<\/strong><\/p>\n<p>Consultada sobre los ejes tem\u00e1ticos que se trabajan desde Modernizaci\u00f3n en esta emergencia, Escand\u00f3n precis\u00f3 que &#8220;dentro de las funci\u00f3n natural en acuerdo con las definiciones que adopta COES. Tiene que ver con ser el soporte general de todos los organismos de la administraci\u00f3n p\u00fablica en las estrategias y proyectos que tienen que ver con el dise\u00f1o de herramientas digitales en este contexto&#8221;.<\/p>\n<p>En ese marco, destac\u00f3 &#8220;el dise\u00f1o, la gesti\u00f3n y la evaluaci\u00f3n de herramientas que garantizan el funcionamiento de los servicios p\u00fablicos, y la accesibilidad de los ciudadanos a esos servicios p\u00fablicos&#8221;. En materia de accesibilidad, Escand\u00f3n se refiri\u00f3 a la coordinaci\u00f3n de la habilitaci\u00f3n de las l\u00edneas 0800 que se desarrollaron para cada uno de los servicios en la provincia, a la actualizaci\u00f3n permanente y tramitaci\u00f3n on line en el portal de Tr\u00e1mites del gobierno de la provincia de Entre R\u00edos.<\/p>\n<p>Inform\u00f3 que a partir de este lunes 4 de mayo se puso a disposici\u00f3n de todos los ministerios un turnero on line que pueden utilizar los organismos p\u00fablicos provinciales para habilitar en algunos casos la atenci\u00f3n a los ciudadanos dentro de las oficinas p\u00fablicas. E indic\u00f3 que se gestion\u00f3 ante Naci\u00f3n la utilizaci\u00f3n gratuita sin uso de datos de las plataformas educativas del Consejo General de Educaci\u00f3n.<\/p>\n<p>En materia de garantizar el funcionamiento de los procedimientos administrativos de la administraci\u00f3n p\u00fablica, se trabaj\u00f3 en el otorgamiento de firma digital para la inclusi\u00f3n de varios procesos que se hacen actualmente en forma digital. &#8220;Esta semana se otorg\u00f3 la firma digital, por ejemplo, a los legisladores nacionales que representan a nuestra provincia para poder comenzar con las sesiones legislativas on line&#8221;, ejemplific\u00f3. Mencion\u00f3 adem\u00e1s que &#8220;se viene trabajando fuertemente en la incorporaci\u00f3n de la firma digital en lo que es expediente electr\u00f3nico&#8221;.<\/p>\n<p>Finalmente, coment\u00f3 luego que se asesor\u00f3 en el funcionamiento de las plataformas de videoconferencias, tanto para la C\u00e1mara de Diputados como la de Senadores de la provincia, y de cada uno de los ministerios a trav\u00e9s de los cuales se mantienen reuniones permanentes con el sector p\u00fablico y productivo, entre otros.<\/p>\n","protected":false},"excerpt":{"rendered":"<p>Es un permiso de traslado excepcional para aquellos habitantes que hoy se encuentren en un domicilio distinto a su habitual. El gobierno provincial dispuso diversos canales para su gesti\u00f3n. El n\u00famero telef\u00f3nico es 0800 555 8500, el mail regresoacasa@entrerios.gov.ar ,y el whatsapp 343 5176650 &nbsp; &nbsp; El link del formulario es https:\/\/www.entrerios.gov.ar\/portal\/regresoacasa\/formulario.php La secretaria de modernizaci\u00f3n, Lucrecia Escand\u00f3n, indic\u00f3 que a trav\u00e9s de la Resoluci\u00f3n Conjunta 3\/2020 del Ministerio del Interior de la Naci\u00f3n y Transporte del 30\/04\/2020 publicada en el Bolet\u00edn Oficial el pasado d\u00eda viernes, se habilit\u00f3 la&#8230;<\/p>\n","protected":false},"author":3,"featured_media":61003,"comment_status":"closed","ping_status":"closed","sticky":false,"template":"","format":"standard","meta":[],"categories":[15],"tags":[],"_links":{"self":[{"href":"https:\/\/www.actualidadadiario.com\/index.php\/wp-json\/wp\/v2\/posts\/61002"}],"collection":[{"href":"https:\/\/www.actualidadadiario.com\/index.php\/wp-json\/wp\/v2\/posts"}],"about":[{"href":"https:\/\/www.actualidadadiario.com\/index.php\/wp-json\/wp\/v2\/types\/post"}],"author":[{"embeddable":true,"href":"https:\/\/www.actualidadadiario.com\/index.php\/wp-json\/wp\/v2\/users\/3"}],"replies":[{"embeddable":true,"href":"https:\/\/www.actualidadadiario.com\/index.php\/wp-json\/wp\/v2\/comments?post=61002"}],"version-history":[{"count":1,"href":"https:\/\/www.actualidadadiario.com\/index.php\/wp-json\/wp\/v2\/posts\/61002\/revisions"}],"predecessor-version":[{"id":61004,"href":"https:\/\/www.actualidadadiario.com\/index.php\/wp-json\/wp\/v2\/posts\/61002\/revisions\/61004"}],"wp:featuredmedia":[{"embeddable":true,"href":"https:\/\/www.actualidadadiario.com\/index.php\/wp-json\/wp\/v2\/media\/61003"}],"wp:attachment":[{"href":"https:\/\/www.actualidadadiario.com\/index.php\/wp-json\/wp\/v2\/media?parent=61002"}],"wp:term":[{"taxonomy":"category","embeddable":true,"href":"https:\/\/www.actualidadadiario.com\/index.php\/wp-json\/wp\/v2\/categories?post=61002"},{"taxonomy":"post_tag","embeddable":true,"href":"https:\/\/www.actualidadadiario.com\/index.php\/wp-json\/wp\/v2\/tags?post=61002"}],"curies":[{"name":"wp","href":"https:\/\/api.w.org\/{rel}","templated":true}]}}