{"id":60999,"date":"2020-05-06T12:22:02","date_gmt":"2020-05-06T15:22:02","guid":{"rendered":"https:\/\/www.actualidadadiario.com\/?p=60999"},"modified":"2020-05-06T12:22:02","modified_gmt":"2020-05-06T15:22:02","slug":"emiten-recomendaciones-a-los-comercios-habilitados-a-trabajar","status":"publish","type":"post","link":"https:\/\/www.actualidadadiario.com\/index.php\/2020\/05\/06\/emiten-recomendaciones-a-los-comercios-habilitados-a-trabajar\/","title":{"rendered":"Emiten recomendaciones a los comercios habilitados a trabajar"},"content":{"rendered":"<p style=\"text-align: center;\"><em><strong>El gobierno de Entre R\u00edos, a trav\u00e9s de la resoluci\u00f3n N\u00ba 253 del Ministerio de la Producci\u00f3n, emiti\u00f3 recomendaciones para ser tenidas en cuenta por las autoridades locales, para el desarrollo de las actividades comerciales, servicios y oficios autorizados<\/strong><\/em><\/p>\n<p>&nbsp;<\/p>\n<p>&nbsp;<\/p>\n<p>Esta resoluci\u00f3n se emiti\u00f3 en el marco de esta etapa de flexibilizaci\u00f3n del aislamiento social preventivo y obligatorio, como prevenci\u00f3n de la pandemia de coronavirus y con el objeto evitar la propagaci\u00f3n del virus SARS\u2013CoV-2, o en su defecto impedir la duplicaci\u00f3n de los contagios que imposibiliten una adecuada respuesta de los servicios de salud.<\/p>\n<p>La norma se emiti\u00f3 considerando que el Decreto N\u00ba 624 autoriza en todo el \u00e1mbito de la provincia de Entre R\u00edos a las actividades comerciales, servicios y oficios en el marco de lo dispuesto en el art. 3 del DNU 408\/20, debiendo ser habilitadas por acto expreso de las autoridades municipales o comunales correspondientes, previendo un protocolo de seguridad sanitaria.<\/p>\n<p>&nbsp;<\/p>\n<p><strong>Las recomendaciones<\/strong><\/p>\n<p>En primer lugar, cada comercio debe confeccionar un registro de clientes, en el que se detallen los datos personales de cada uno, entre ellos, nombre y apellido, DNI, domicilio y tel\u00e9fono de contacto.<\/p>\n<p>Adem\u00e1s, dentro a las posibilidades de cada rubro deben organizarse d\u00edas de atenci\u00f3n y horarios entre las 8 y 18, sugiriendo que las jornadas sean en horario corrido, a los efectos de no provocar aglomeraci\u00f3n de personas y lograr la menor circulaci\u00f3n posible. En tal sentido se aconseja que se indique un horario de espec\u00edfico para la atenci\u00f3n exclusiva de las personas que se encuentran dentro de los grupos de riesgo.<\/p>\n<p>Cada comercio deber\u00e1 implementar se\u00f1al\u00e9tica de las distancias y las medidas indicadas por protocolo.<\/p>\n<p>Respecto a la indumentaria que deben utilizar los trabajadores para la atenci\u00f3n al p\u00fablico, se sugiere que la misma quede en el lugar de trabajo y no sea trasladada a su domicilio particular.<\/p>\n<p>Tambi\u00e9n se debe extremar la limpieza y desinfecci\u00f3n, utilizando los elementos de higiene adecuados en superficies y elementos de contacto de uso com\u00fan.<\/p>\n<p>Por \u00faltimo, la norma precisa que en cuanto a los proveedores se recomienda que toda la mercader\u00eda sea entregada, en lo posible, a los comerciantes en un punto de referencia, como por ejemplo playones de entrega al aire libre.<\/p>\n","protected":false},"excerpt":{"rendered":"<p>El gobierno de Entre R\u00edos, a trav\u00e9s de la resoluci\u00f3n N\u00ba 253 del Ministerio de la Producci\u00f3n, emiti\u00f3 recomendaciones para ser tenidas en cuenta por las autoridades locales, para el desarrollo de las actividades comerciales, servicios y oficios autorizados &nbsp; &nbsp; Esta resoluci\u00f3n se emiti\u00f3 en el marco de esta etapa de flexibilizaci\u00f3n del aislamiento social preventivo y obligatorio, como prevenci\u00f3n de la pandemia de coronavirus y con el objeto evitar la propagaci\u00f3n del virus SARS\u2013CoV-2, o en su defecto impedir la duplicaci\u00f3n de los contagios que imposibiliten una adecuada&#8230;<\/p>\n","protected":false},"author":3,"featured_media":61000,"comment_status":"closed","ping_status":"closed","sticky":false,"template":"","format":"standard","meta":[],"categories":[15],"tags":[],"_links":{"self":[{"href":"https:\/\/www.actualidadadiario.com\/index.php\/wp-json\/wp\/v2\/posts\/60999"}],"collection":[{"href":"https:\/\/www.actualidadadiario.com\/index.php\/wp-json\/wp\/v2\/posts"}],"about":[{"href":"https:\/\/www.actualidadadiario.com\/index.php\/wp-json\/wp\/v2\/types\/post"}],"author":[{"embeddable":true,"href":"https:\/\/www.actualidadadiario.com\/index.php\/wp-json\/wp\/v2\/users\/3"}],"replies":[{"embeddable":true,"href":"https:\/\/www.actualidadadiario.com\/index.php\/wp-json\/wp\/v2\/comments?post=60999"}],"version-history":[{"count":1,"href":"https:\/\/www.actualidadadiario.com\/index.php\/wp-json\/wp\/v2\/posts\/60999\/revisions"}],"predecessor-version":[{"id":61001,"href":"https:\/\/www.actualidadadiario.com\/index.php\/wp-json\/wp\/v2\/posts\/60999\/revisions\/61001"}],"wp:featuredmedia":[{"embeddable":true,"href":"https:\/\/www.actualidadadiario.com\/index.php\/wp-json\/wp\/v2\/media\/61000"}],"wp:attachment":[{"href":"https:\/\/www.actualidadadiario.com\/index.php\/wp-json\/wp\/v2\/media?parent=60999"}],"wp:term":[{"taxonomy":"category","embeddable":true,"href":"https:\/\/www.actualidadadiario.com\/index.php\/wp-json\/wp\/v2\/categories?post=60999"},{"taxonomy":"post_tag","embeddable":true,"href":"https:\/\/www.actualidadadiario.com\/index.php\/wp-json\/wp\/v2\/tags?post=60999"}],"curies":[{"name":"wp","href":"https:\/\/api.w.org\/{rel}","templated":true}]}}