{"id":60996,"date":"2020-05-06T12:21:06","date_gmt":"2020-05-06T15:21:06","guid":{"rendered":"https:\/\/www.actualidadadiario.com\/?p=60996"},"modified":"2020-05-06T12:21:06","modified_gmt":"2020-05-06T15:21:06","slug":"el-gobierno-provincial-culmino-mejoras-en-14-hospitales-publicos","status":"publish","type":"post","link":"https:\/\/www.actualidadadiario.com\/index.php\/2020\/05\/06\/el-gobierno-provincial-culmino-mejoras-en-14-hospitales-publicos\/","title":{"rendered":"El gobierno provincial culmin\u00f3 mejoras en 14 hospitales p\u00fablicos"},"content":{"rendered":"<p style=\"text-align: center;\"><em><strong>Se trata del plan de remodelaci\u00f3n, adaptaci\u00f3n y mejoras en efectores p\u00fablicos para afrontar las nuevas demandas producto de la pandemia de Covid-19. Se contin\u00faan adem\u00e1s obras en siete hospitales y se prev\u00e9 sumar dos nuevas intervenciones. Se invierten 80 millones de pesos con fondos provinciales<\/strong><\/em><\/p>\n<p>&nbsp;<\/p>\n<p>&nbsp;<\/p>\n<p>\u201cEstamos con una serie de obras ya culminadas, hemos acondicionado los principales efectores de salud de cada departamento, articulando las prioridades con el Ministerio de Salud que ha sido el responsable de establecer el plan de necesidades prioritarias\u201d se\u00f1al\u00f3 el ministro de Planeamiento, Marcelo Richard.<\/p>\n<p>Adem\u00e1s, explic\u00f3 que \u201cvenimos trabajando tempranamente para poder adaptar los hospitales e instalaciones m\u00e9dicas a las nuevas necesidades que se han suscitado en el contexto de pandemia&#8221;, destac\u00f3 tambi\u00e9n el di\u00e1logo permanente con la UOCRA, empresas contratistas y personal de salud para &#8220;poder avanzar con la ejecuci\u00f3n de las obras con la mayor velocidad posible&#8221;<\/p>\n<p>Entre los hospitales ya intervenidos se encuentra el San Benjam\u00edn de la ciudad de Col\u00f3n, el Justo Jos\u00e9 de Urquiza de Federal, General Ram\u00edrez en San Jos\u00e9 de Feliciano, San Blas de Nogoy\u00e1, 9 de Julio en la ciudad de La Paz, San Jos\u00e9 de Diamante, San Roque de Rosario del Tala, Sagrado Coraz\u00f3n en la localidad de Basavilbaso, San Mart\u00edn y De La Baxada en Paran\u00e1 y Salaberry de Victoria.<\/p>\n<p>Adem\u00e1s en la ciudad de Concordia se trabaj\u00f3 en los tres principales efectores y se planifica una segunda intervenci\u00f3n en el Felipe Heras; misma situaci\u00f3n se ha evaluado para el Hospital San Antonio de Gualeguay.<\/p>\n<p>&nbsp;<\/p>\n<p><strong>Obras que contin\u00faan<\/strong><\/p>\n<p>Adem\u00e1s de las 14 obras finalizadas se contin\u00faan los trabajos en el Hospital de Villa Paranacito, San Roque de Paran\u00e1, San Miguel de San Salvador, Justo Jos\u00e9 de Urquiza en Concepci\u00f3n del Uruguay, Santa Rosa de Villaguay y m\u00e1s intervenciones en el Hospital \u201cDe La Baxada\u201d en la capital Provincial, y se suman dos nuevos proyectos para el Hospital de Santa Elena y Pascual Palma de Paran\u00e1.<\/p>\n","protected":false},"excerpt":{"rendered":"<p>Se trata del plan de remodelaci\u00f3n, adaptaci\u00f3n y mejoras en efectores p\u00fablicos para afrontar las nuevas demandas producto de la pandemia de Covid-19. Se contin\u00faan adem\u00e1s obras en siete hospitales y se prev\u00e9 sumar dos nuevas intervenciones. Se invierten 80 millones de pesos con fondos provinciales &nbsp; &nbsp; \u201cEstamos con una serie de obras ya culminadas, hemos acondicionado los principales efectores de salud de cada departamento, articulando las prioridades con el Ministerio de Salud que ha sido el responsable de establecer el plan de necesidades prioritarias\u201d se\u00f1al\u00f3 el ministro de&#8230;<\/p>\n","protected":false},"author":3,"featured_media":60997,"comment_status":"closed","ping_status":"closed","sticky":false,"template":"","format":"standard","meta":[],"categories":[15],"tags":[],"_links":{"self":[{"href":"https:\/\/www.actualidadadiario.com\/index.php\/wp-json\/wp\/v2\/posts\/60996"}],"collection":[{"href":"https:\/\/www.actualidadadiario.com\/index.php\/wp-json\/wp\/v2\/posts"}],"about":[{"href":"https:\/\/www.actualidadadiario.com\/index.php\/wp-json\/wp\/v2\/types\/post"}],"author":[{"embeddable":true,"href":"https:\/\/www.actualidadadiario.com\/index.php\/wp-json\/wp\/v2\/users\/3"}],"replies":[{"embeddable":true,"href":"https:\/\/www.actualidadadiario.com\/index.php\/wp-json\/wp\/v2\/comments?post=60996"}],"version-history":[{"count":1,"href":"https:\/\/www.actualidadadiario.com\/index.php\/wp-json\/wp\/v2\/posts\/60996\/revisions"}],"predecessor-version":[{"id":60998,"href":"https:\/\/www.actualidadadiario.com\/index.php\/wp-json\/wp\/v2\/posts\/60996\/revisions\/60998"}],"wp:featuredmedia":[{"embeddable":true,"href":"https:\/\/www.actualidadadiario.com\/index.php\/wp-json\/wp\/v2\/media\/60997"}],"wp:attachment":[{"href":"https:\/\/www.actualidadadiario.com\/index.php\/wp-json\/wp\/v2\/media?parent=60996"}],"wp:term":[{"taxonomy":"category","embeddable":true,"href":"https:\/\/www.actualidadadiario.com\/index.php\/wp-json\/wp\/v2\/categories?post=60996"},{"taxonomy":"post_tag","embeddable":true,"href":"https:\/\/www.actualidadadiario.com\/index.php\/wp-json\/wp\/v2\/tags?post=60996"}],"curies":[{"name":"wp","href":"https:\/\/api.w.org\/{rel}","templated":true}]}}