{"id":60993,"date":"2020-05-06T12:20:07","date_gmt":"2020-05-06T15:20:07","guid":{"rendered":"https:\/\/www.actualidadadiario.com\/?p=60993"},"modified":"2020-05-06T12:20:07","modified_gmt":"2020-05-06T15:20:07","slug":"este-martes-se-registraron-dos-nuevos-casos-de-coronavirus-en-entre-rios","status":"publish","type":"post","link":"https:\/\/www.actualidadadiario.com\/index.php\/2020\/05\/06\/este-martes-se-registraron-dos-nuevos-casos-de-coronavirus-en-entre-rios\/","title":{"rendered":"Este martes se registraron dos nuevos casos de coronavirus en Entre R\u00edos"},"content":{"rendered":"<p style=\"text-align: center;\"><em><strong>El \u00e1rea de Vigilancia Epidemiol\u00f3gica del Ministerio de Salud, confirm\u00f3 que este martes se registraron dos nuevos casos de coronavirus en Entre R\u00edos<\/strong><\/em><\/p>\n<p>&nbsp;<\/p>\n<p>&nbsp;<\/p>\n<p>El primer caso, detectado en Gualeguaych\u00fa, corresponde a una mujer adulta y se encuentra internada. En tanto, que el otro caso identificado corresponde a un adulto joven, oriundo de Larroque, quien mantiene su respectivo tratamiento ambulatorio.<\/p>\n<p>Ambos pacientes mantuvieron contacto estrecho con los casos de Covid-19 positivo informados el pasado s\u00e1bado 2 de mayo en las localidades mencionadas.<\/p>\n<p>De ese modo, la provincia mantiene 29 casos confirmados, 2 casos en estudio, 637 descartados, mientras que la cantidad de casos estudiados asciende a un total de 668.<\/p>\n","protected":false},"excerpt":{"rendered":"<p>El \u00e1rea de Vigilancia Epidemiol\u00f3gica del Ministerio de Salud, confirm\u00f3 que este martes se registraron dos nuevos casos de coronavirus en Entre R\u00edos &nbsp; &nbsp; El primer caso, detectado en Gualeguaych\u00fa, corresponde a una mujer adulta y se encuentra internada. En tanto, que el otro caso identificado corresponde a un adulto joven, oriundo de Larroque, quien mantiene su respectivo tratamiento ambulatorio. Ambos pacientes mantuvieron contacto estrecho con los casos de Covid-19 positivo informados el pasado s\u00e1bado 2 de mayo en las localidades mencionadas. De ese modo, la provincia mantiene 29&#8230;<\/p>\n","protected":false},"author":3,"featured_media":60994,"comment_status":"closed","ping_status":"closed","sticky":false,"template":"","format":"standard","meta":[],"categories":[15],"tags":[],"_links":{"self":[{"href":"https:\/\/www.actualidadadiario.com\/index.php\/wp-json\/wp\/v2\/posts\/60993"}],"collection":[{"href":"https:\/\/www.actualidadadiario.com\/index.php\/wp-json\/wp\/v2\/posts"}],"about":[{"href":"https:\/\/www.actualidadadiario.com\/index.php\/wp-json\/wp\/v2\/types\/post"}],"author":[{"embeddable":true,"href":"https:\/\/www.actualidadadiario.com\/index.php\/wp-json\/wp\/v2\/users\/3"}],"replies":[{"embeddable":true,"href":"https:\/\/www.actualidadadiario.com\/index.php\/wp-json\/wp\/v2\/comments?post=60993"}],"version-history":[{"count":1,"href":"https:\/\/www.actualidadadiario.com\/index.php\/wp-json\/wp\/v2\/posts\/60993\/revisions"}],"predecessor-version":[{"id":60995,"href":"https:\/\/www.actualidadadiario.com\/index.php\/wp-json\/wp\/v2\/posts\/60993\/revisions\/60995"}],"wp:featuredmedia":[{"embeddable":true,"href":"https:\/\/www.actualidadadiario.com\/index.php\/wp-json\/wp\/v2\/media\/60994"}],"wp:attachment":[{"href":"https:\/\/www.actualidadadiario.com\/index.php\/wp-json\/wp\/v2\/media?parent=60993"}],"wp:term":[{"taxonomy":"category","embeddable":true,"href":"https:\/\/www.actualidadadiario.com\/index.php\/wp-json\/wp\/v2\/categories?post=60993"},{"taxonomy":"post_tag","embeddable":true,"href":"https:\/\/www.actualidadadiario.com\/index.php\/wp-json\/wp\/v2\/tags?post=60993"}],"curies":[{"name":"wp","href":"https:\/\/api.w.org\/{rel}","templated":true}]}}