{"id":60987,"date":"2020-05-06T12:18:38","date_gmt":"2020-05-06T15:18:38","guid":{"rendered":"https:\/\/www.actualidadadiario.com\/?p=60987"},"modified":"2020-05-06T12:18:38","modified_gmt":"2020-05-06T15:18:38","slug":"se-gesta-una-mesa-de-dialogo-social-con-organizaciones-y-gremios","status":"publish","type":"post","link":"https:\/\/www.actualidadadiario.com\/index.php\/2020\/05\/06\/se-gesta-una-mesa-de-dialogo-social-con-organizaciones-y-gremios\/","title":{"rendered":"Se gesta una mesa de di\u00e1logo social con organizaciones y gremios"},"content":{"rendered":"<p style=\"text-align: center;\"><em><strong>Referentes de movimientos sociales y organizaciones gremiales avanzaron con el gobernador Gustavo Bordet en la conformaci\u00f3n de una mesa de di\u00e1logo social a la que se sumar\u00e1n otros sectores para abordar en forma conjunta el escenario actual y el que dejar\u00e1 la pandemia<\/strong><\/em><\/p>\n<p>&nbsp;<\/p>\n<p>&nbsp;<\/p>\n<p>\u201cImpulsamos un ida y vuelta de propuestas y de ideas para ratificar o rectificar rumbos\u201d, describi\u00f3 el mandatario.<\/p>\n<p>Del encuentro que se realiz\u00f3 en el Centro Provincial de Convenciones (CPC), participaron la vicegobernadora Laura Stratta, representantes de la Asociaci\u00f3n de Trabajadores del Estado (ATE); de la Asociaci\u00f3n Gremial del Magisterio de Entre R\u00edos (Agmer); Multisectorial de Mujeres, Asamblea de Peque\u00f1os y Medianos Empresarios (Apyme) y organizaciones sociales.<\/p>\n<p>Al respecto la vicegobernadora, Laura Stratta, puso en valor el encuentro con referentes de diversos sectores. &#8220;Junto al Gobernador Bordet creemos en la importancia del di\u00e1logo, la escucha atenta y la articulaci\u00f3n para impulsar, revisar y mejorar las pol\u00edticas p\u00fablicas que llevamos adelante. Como dice el Papa Francisco: nadie se salva solo y es especialmente en contextos tan dif\u00edciles como los que nos tocan atravesar que necesitamos fortalecer el trabajo conjunto con todos los actores, consolidando y construyendo redes que nos permitan fortalecer el tejido social&#8221;.<\/p>\n<p>En este marco, secretario general de Agmer, Marcelo Pagani valor\u00f3 &#8220;la posibilidad de hablar con el gobernador y la vicegobernadora\u201d. Y coment\u00f3 que en el marco de la multisectorial \u201chab\u00edamos definido los cinco sectores que estar\u00edamos presentes en este espacio y planteamos lo que el documento p\u00fablicamente expres\u00f3 en cuanto a la necesidad de ser parte de un comit\u00e9 de crisis que pudiera discutir, en un \u00e1mbito con el gobierno, todas las cuestiones que vemos todos los d\u00edas quienes estamos en el territorio&#8221;.<\/p>\n<p>Luego el representante de Agmer expres\u00f3 que en el encuentro cada sector expres\u00f3 &#8220;las cuestiones generales y las demandas particulares y se acord\u00f3 conformar esta mesa de di\u00e1logo donde a partir de ahora habr\u00e1 sucesivas reuniones con distintos funcionarios del gobierno en funci\u00f3n de las problem\u00e1ticas que expresamos en este espacio&#8221;.<\/p>\n<p>Por su parte, Esteban Olar\u00e1n de ATE dijo que cada sector pudo ir expresando lo que est\u00e1 en el documento que se elabor\u00f3 en forma conjunta donde &#8220;estatales, trabajadores ocupados, desocupados, docentes y de otras \u00e1reas de la\u00a0 producci\u00f3n hemos volcado en este texto y hoy se lo pudimos transmitir al gobernador y a la vicegobernadora&#8221;.<\/p>\n<p>Destac\u00f3 dos cosas, por un lado que Bordet y Stratta los hayan recibido &#8220;en una reuni\u00f3n prolongada donde pudimos expresarles el contenido del documento respecto a necesidades concretas y cotidianas que hoy est\u00e1n atravesando los trabajadores ocupados, desocupados y jubilados de nuestros pueblo en este contexto de la pandemia&#8221;.<\/p>\n<p>Adem\u00e1s, dijo que desde la Multisectorial &#8220;queremos ser parte de la elaboraci\u00f3n de propuestas post pandemia para que realmente la crisis no la paguen los trabajadores y el pueblo, sino quienes se han enriquecido en los \u00faltimos a\u00f1os y son quienes deben aportar para que la provincia y el pa\u00eds salgan adelante&#8221;.<\/p>\n<p>En representaci\u00f3n de la Multisectorial de Mujeres, Daniela Vera agradeci\u00f3 &#8220;la posibilidad de tener esta instancia de di\u00e1logo porque desde los sectores que conformamos este espacio, hace mucho tiempo venimos debatiendo las problem\u00e1ticas de nuestro pueblo y la coordinaci\u00f3n es muy necesaria, as\u00ed que desde nuestra parte quedan algunas instancias para convocatorias masivas a nivel de sectores. Intentamos que la gran mayor\u00eda de los sectores se incluya en este proceso de trabajo y quedaron pendientes algunas reuniones posteriores con ministerios y dem\u00e1s que se ofrecen ac\u00e1 en esta reuni\u00f3n con el gobernador y la vicegobernadora&#8221;.<\/p>\n<p>&#8220;Seguiremos trabajando principalmente en el contexto muy dif\u00edcil que venimos atravesando, con una provincia y un pa\u00eds muy golpeados con los cuatro a\u00f1os previos y pensando, como dec\u00edan los compa\u00f1eros, en la salida de la pandemia, o sea en poder resolver cuestiones sanitarias, sociales, referidas a las mujeres en particular. Nosotros planteamos lo de la violencia de g\u00e9nero y en ese sentido trabajar en el marco de la pandemia y posterior a la salida&#8221;, acot\u00f3.<\/p>\n<p>Luego, Vera coment\u00f3 que en el encuentro plantearon la necesidad de articular entre la Polic\u00eda, la justicia y los ministerios, algunas &#8220;cuestiones que ser\u00edan f\u00e1cilmente de resolver en esta situaci\u00f3n&#8221;. Al respecto, mencion\u00f3 los casos de de F\u00e1tima Acevedo y el de Romina Rodas. En ese sentido \u201centendemos que hay cuestiones que se pueden resolver solamente con alguna articulaci\u00f3n y redistribuci\u00f3n de recursos&#8221;.<\/p>\n<p>\u201cHablamos tambi\u00e9n sobre la necesidad del Polo Integral de la Mujer que venimos planteando y el conocimiento a nivel masivo de los subsidios y dem\u00e1s que hay para las mujeres en situaci\u00f3n de violencia que por ah\u00ed no acceden o no se pueden ir de sus casas porque dependen econ\u00f3micamente de la persona con la que viven que es la que ejerce la violencia&#8221;, concluy\u00f3.<\/p>\n<p>Estuvieron tambi\u00e9n presentes Silvia Garc\u00eda de organizaciones sociales; y Rafael Vicent\u00edn por Apyme.<\/p>\n","protected":false},"excerpt":{"rendered":"<p>Referentes de movimientos sociales y organizaciones gremiales avanzaron con el gobernador Gustavo Bordet en la conformaci\u00f3n de una mesa de di\u00e1logo social a la que se sumar\u00e1n otros sectores para abordar en forma conjunta el escenario actual y el que dejar\u00e1 la pandemia &nbsp; &nbsp; \u201cImpulsamos un ida y vuelta de propuestas y de ideas para ratificar o rectificar rumbos\u201d, describi\u00f3 el mandatario. Del encuentro que se realiz\u00f3 en el Centro Provincial de Convenciones (CPC), participaron la vicegobernadora Laura Stratta, representantes de la Asociaci\u00f3n de Trabajadores del Estado (ATE); de&#8230;<\/p>\n","protected":false},"author":3,"featured_media":60988,"comment_status":"closed","ping_status":"closed","sticky":false,"template":"","format":"standard","meta":[],"categories":[9],"tags":[],"_links":{"self":[{"href":"https:\/\/www.actualidadadiario.com\/index.php\/wp-json\/wp\/v2\/posts\/60987"}],"collection":[{"href":"https:\/\/www.actualidadadiario.com\/index.php\/wp-json\/wp\/v2\/posts"}],"about":[{"href":"https:\/\/www.actualidadadiario.com\/index.php\/wp-json\/wp\/v2\/types\/post"}],"author":[{"embeddable":true,"href":"https:\/\/www.actualidadadiario.com\/index.php\/wp-json\/wp\/v2\/users\/3"}],"replies":[{"embeddable":true,"href":"https:\/\/www.actualidadadiario.com\/index.php\/wp-json\/wp\/v2\/comments?post=60987"}],"version-history":[{"count":1,"href":"https:\/\/www.actualidadadiario.com\/index.php\/wp-json\/wp\/v2\/posts\/60987\/revisions"}],"predecessor-version":[{"id":60989,"href":"https:\/\/www.actualidadadiario.com\/index.php\/wp-json\/wp\/v2\/posts\/60987\/revisions\/60989"}],"wp:featuredmedia":[{"embeddable":true,"href":"https:\/\/www.actualidadadiario.com\/index.php\/wp-json\/wp\/v2\/media\/60988"}],"wp:attachment":[{"href":"https:\/\/www.actualidadadiario.com\/index.php\/wp-json\/wp\/v2\/media?parent=60987"}],"wp:term":[{"taxonomy":"category","embeddable":true,"href":"https:\/\/www.actualidadadiario.com\/index.php\/wp-json\/wp\/v2\/categories?post=60987"},{"taxonomy":"post_tag","embeddable":true,"href":"https:\/\/www.actualidadadiario.com\/index.php\/wp-json\/wp\/v2\/tags?post=60987"}],"curies":[{"name":"wp","href":"https:\/\/api.w.org\/{rel}","templated":true}]}}