{"id":60979,"date":"2020-05-04T17:18:55","date_gmt":"2020-05-04T20:18:55","guid":{"rendered":"https:\/\/www.actualidadadiario.com\/?p=60979"},"modified":"2020-05-04T17:18:55","modified_gmt":"2020-05-04T20:18:55","slug":"alemania-extiende-el-cierre-de-fronteras","status":"publish","type":"post","link":"https:\/\/www.actualidadadiario.com\/index.php\/2020\/05\/04\/alemania-extiende-el-cierre-de-fronteras\/","title":{"rendered":"Alemania extiende el cierre de fronteras"},"content":{"rendered":"<p style=\"text-align: center;\"><em><strong>Como hizo Francia, el pa\u00eds germano anunci\u00f3 que continuar\u00e1n las restricciones hasta que se coordine una nueva directiva a nivel de la Uni\u00f3n Europea<\/strong><\/em><\/p>\n<p>&nbsp;<\/p>\n<p>&nbsp;<\/p>\n<p>El cierre de las fronteras alemanas se extender\u00e1 al menos hasta el pr\u00f3ximo 15 de mayo, inform\u00f3 el vocero de la cartera de Interior, Steve Alter.<\/p>\n<p>&#8220;Los controles en las fronteras se prorrogan hasta el 15 de mayo. Hoy mismo se enviar\u00e1 una carta a la Comisi\u00f3n Europea&#8221;, declar\u00f3 el funcionario.<\/p>\n<p>Alter agreg\u00f3 que Alemania se rige por la decisi\u00f3n de la Comisi\u00f3n Europea sobre la gesti\u00f3n de las fronteras exteriores.<\/p>\n<p>A mediados de marzo los pa\u00edses del espacio Schengen introdujeron la restricci\u00f3n a los viajes no esenciales a la UE por 30 d\u00edas para detener la propagaci\u00f3n del coronavirus, luego la prorrogaron hasta el 15 de mayo.<\/p>\n<p>Ayer, fue el ministro del Interior de Francia, Christophe Castaner, quien anticip\u00f3 que las fronteras francesas van a seguir cerradas, que no hay fecha para su reapertura y que el objetivo es una coordinaci\u00f3n conjunta de la UE y a nivel bilateral.<\/p>\n<p>Castaner indic\u00f3 que la idea es que primero se restablezca la circulaci\u00f3n entre los pa\u00edses de la zona Schengen y luego llegar\u00eda la reapertura de las fronteras exteriores.<\/p>\n<p>Desde el 11 de marzo, en Francia volver\u00e1n a estar permitidos los desplazamientos en el interior del pa\u00eds sin restricciones, pero en un radio de 100 kil\u00f3metros del domicilio. Para superar ese l\u00edmite, habr\u00e1 que tener razones profesionales o familiares \u201cimperativas\u201d.<\/p>\n","protected":false},"excerpt":{"rendered":"<p>Como hizo Francia, el pa\u00eds germano anunci\u00f3 que continuar\u00e1n las restricciones hasta que se coordine una nueva directiva a nivel de la Uni\u00f3n Europea &nbsp; &nbsp; El cierre de las fronteras alemanas se extender\u00e1 al menos hasta el pr\u00f3ximo 15 de mayo, inform\u00f3 el vocero de la cartera de Interior, Steve Alter. &#8220;Los controles en las fronteras se prorrogan hasta el 15 de mayo. Hoy mismo se enviar\u00e1 una carta a la Comisi\u00f3n Europea&#8221;, declar\u00f3 el funcionario. Alter agreg\u00f3 que Alemania se rige por la decisi\u00f3n de la Comisi\u00f3n Europea&#8230;<\/p>\n","protected":false},"author":3,"featured_media":60980,"comment_status":"closed","ping_status":"closed","sticky":false,"template":"","format":"standard","meta":[],"categories":[4],"tags":[],"_links":{"self":[{"href":"https:\/\/www.actualidadadiario.com\/index.php\/wp-json\/wp\/v2\/posts\/60979"}],"collection":[{"href":"https:\/\/www.actualidadadiario.com\/index.php\/wp-json\/wp\/v2\/posts"}],"about":[{"href":"https:\/\/www.actualidadadiario.com\/index.php\/wp-json\/wp\/v2\/types\/post"}],"author":[{"embeddable":true,"href":"https:\/\/www.actualidadadiario.com\/index.php\/wp-json\/wp\/v2\/users\/3"}],"replies":[{"embeddable":true,"href":"https:\/\/www.actualidadadiario.com\/index.php\/wp-json\/wp\/v2\/comments?post=60979"}],"version-history":[{"count":1,"href":"https:\/\/www.actualidadadiario.com\/index.php\/wp-json\/wp\/v2\/posts\/60979\/revisions"}],"predecessor-version":[{"id":60981,"href":"https:\/\/www.actualidadadiario.com\/index.php\/wp-json\/wp\/v2\/posts\/60979\/revisions\/60981"}],"wp:featuredmedia":[{"embeddable":true,"href":"https:\/\/www.actualidadadiario.com\/index.php\/wp-json\/wp\/v2\/media\/60980"}],"wp:attachment":[{"href":"https:\/\/www.actualidadadiario.com\/index.php\/wp-json\/wp\/v2\/media?parent=60979"}],"wp:term":[{"taxonomy":"category","embeddable":true,"href":"https:\/\/www.actualidadadiario.com\/index.php\/wp-json\/wp\/v2\/categories?post=60979"},{"taxonomy":"post_tag","embeddable":true,"href":"https:\/\/www.actualidadadiario.com\/index.php\/wp-json\/wp\/v2\/tags?post=60979"}],"curies":[{"name":"wp","href":"https:\/\/api.w.org\/{rel}","templated":true}]}}