{"id":60967,"date":"2020-05-04T17:15:07","date_gmt":"2020-05-04T20:15:07","guid":{"rendered":"https:\/\/www.actualidadadiario.com\/?p=60967"},"modified":"2020-05-04T17:15:07","modified_gmt":"2020-05-04T20:15:07","slug":"alberto-fernandez-hablo-con-giuseppe-conte-y-recibio-su-respaldo-al-canje-de-deuda","status":"publish","type":"post","link":"https:\/\/www.actualidadadiario.com\/index.php\/2020\/05\/04\/alberto-fernandez-hablo-con-giuseppe-conte-y-recibio-su-respaldo-al-canje-de-deuda\/","title":{"rendered":"Alberto Fern\u00e1ndez habl\u00f3 con Giuseppe Conte y recibi\u00f3 su respaldo al canje de deuda"},"content":{"rendered":"<p style=\"text-align: center;\"><em><strong>El presidente Alberto Fern\u00e1ndez mantuvo una comunicaci\u00f3n con el presidente del Consejo de Ministros de Italia, Giuseppe Conte. Analizaron la situaci\u00f3n de la pandemia de covid-19 y el proceso de reestructuraci\u00f3n de la deuda argentina<\/strong><\/em><\/p>\n<p>&nbsp;<\/p>\n<p>Seg\u00fan se inform\u00f3 desde Presidencia, el di\u00e1logo dur\u00f3 media hora y el premier italiano felicit\u00f3 a Fern\u00e1ndez por su temprano abordaje de la cuarentena para controlar los contagios de coronavirus en la Argentina. Puso a disposici\u00f3n de la Argentina la experiencia acumulada en Italia, que comenz\u00f3 a flexibilizar el aislamiento social luego del pico de contagios.<\/p>\n<p>Conte tambi\u00e9n reiter\u00f3 su respaldo al pa\u00eds en el avance de las conversaciones para la renegociaci\u00f3n de la deuda\u00a0 con el FMI, el Club de Par\u00eds y los fondos privados. Se\u00f1al\u00f3 que \u201cItalia conf\u00eda, espera y apoya a la Argentina en su reestructuraci\u00f3n de la deuda\u201d.<\/p>\n<p>Por \u00faltimo, agradeci\u00f3 las gestiones para poder repatriar italianos y traer argentinos de Italia en distintos vuelos que se vienen realizando.<\/p>\n","protected":false},"excerpt":{"rendered":"<p>El presidente Alberto Fern\u00e1ndez mantuvo una comunicaci\u00f3n con el presidente del Consejo de Ministros de Italia, Giuseppe Conte. Analizaron la situaci\u00f3n de la pandemia de covid-19 y el proceso de reestructuraci\u00f3n de la deuda argentina &nbsp; Seg\u00fan se inform\u00f3 desde Presidencia, el di\u00e1logo dur\u00f3 media hora y el premier italiano felicit\u00f3 a Fern\u00e1ndez por su temprano abordaje de la cuarentena para controlar los contagios de coronavirus en la Argentina. Puso a disposici\u00f3n de la Argentina la experiencia acumulada en Italia, que comenz\u00f3 a flexibilizar el aislamiento social luego del pico&#8230;<\/p>\n","protected":false},"author":3,"featured_media":60968,"comment_status":"closed","ping_status":"closed","sticky":false,"template":"","format":"standard","meta":[],"categories":[18],"tags":[],"_links":{"self":[{"href":"https:\/\/www.actualidadadiario.com\/index.php\/wp-json\/wp\/v2\/posts\/60967"}],"collection":[{"href":"https:\/\/www.actualidadadiario.com\/index.php\/wp-json\/wp\/v2\/posts"}],"about":[{"href":"https:\/\/www.actualidadadiario.com\/index.php\/wp-json\/wp\/v2\/types\/post"}],"author":[{"embeddable":true,"href":"https:\/\/www.actualidadadiario.com\/index.php\/wp-json\/wp\/v2\/users\/3"}],"replies":[{"embeddable":true,"href":"https:\/\/www.actualidadadiario.com\/index.php\/wp-json\/wp\/v2\/comments?post=60967"}],"version-history":[{"count":1,"href":"https:\/\/www.actualidadadiario.com\/index.php\/wp-json\/wp\/v2\/posts\/60967\/revisions"}],"predecessor-version":[{"id":60969,"href":"https:\/\/www.actualidadadiario.com\/index.php\/wp-json\/wp\/v2\/posts\/60967\/revisions\/60969"}],"wp:featuredmedia":[{"embeddable":true,"href":"https:\/\/www.actualidadadiario.com\/index.php\/wp-json\/wp\/v2\/media\/60968"}],"wp:attachment":[{"href":"https:\/\/www.actualidadadiario.com\/index.php\/wp-json\/wp\/v2\/media?parent=60967"}],"wp:term":[{"taxonomy":"category","embeddable":true,"href":"https:\/\/www.actualidadadiario.com\/index.php\/wp-json\/wp\/v2\/categories?post=60967"},{"taxonomy":"post_tag","embeddable":true,"href":"https:\/\/www.actualidadadiario.com\/index.php\/wp-json\/wp\/v2\/tags?post=60967"}],"curies":[{"name":"wp","href":"https:\/\/api.w.org\/{rel}","templated":true}]}}