{"id":60964,"date":"2020-05-04T17:14:14","date_gmt":"2020-05-04T20:14:14","guid":{"rendered":"https:\/\/www.actualidadadiario.com\/?p=60964"},"modified":"2020-05-04T17:14:14","modified_gmt":"2020-05-04T20:14:14","slug":"alberto-recibe-el-respaldo-de-empresarios-y-sindicalistas-por-la-deuda","status":"publish","type":"post","link":"https:\/\/www.actualidadadiario.com\/index.php\/2020\/05\/04\/alberto-recibe-el-respaldo-de-empresarios-y-sindicalistas-por-la-deuda\/","title":{"rendered":"Alberto recibe el respaldo de empresarios y sindicalistas por la deuda"},"content":{"rendered":"<p style=\"text-align: center;\"><em><strong>A la espera de la respuesta de los bonistas a la oferta de renegociaci\u00f3n de la deuda p\u00fablica el Presidente se reunir\u00e1 esta tarde con los principales representantes de los empresarios y de los trabajadores, acompa\u00f1ado del ministro de Econom\u00eda<\/strong><\/em><\/p>\n<p>&nbsp;<\/p>\n<p>El presidente Alberto Fern\u00e1ndez mantendr\u00e1 a las 17 una audiencia en la residencia de Olivos acompa\u00f1ado por el ministro de Econom\u00eda, Mart\u00edn Guzm\u00e1n, y los principales representantes de los empresarios y de los trabajadores, que respaldan el proceso de negociaci\u00f3n de la deuda p\u00fablica formulado por el Estado argentino.<\/p>\n<p>A la espera de la &#8220;respuesta de los bonistas a la oferta de renegociaci\u00f3n de la deuda p\u00fablica formulada por el Estado argentino&#8221;, estar\u00e1n presentes en la reuni\u00f3n que encabezar\u00e1 el Jefe de Estado los representantes de estos sectores para respaldar el proceso que lleva adelante el gobierno nacional de renegociaci\u00f3n de la deuda externa.<\/p>\n<p>Entre ellos, estar\u00e1n presentes los titulares y representantes de la Uni\u00f3n Industrial Argentina, de la C\u00e1mara de Comercio, de la C\u00e1mara de la Construcci\u00f3n, de la CGT, de la Asociaci\u00f3n de Bancos de la Rep\u00fablica Argentina, la Sociedad Rural y la Bolsa de Comercio.<\/p>\n<p>De esta manera, se sumar\u00e1n estos respaldos a los expresados hoy por todos los gobernadores y el jefe de Gobierno porte\u00f1o, con excepci\u00f3n del puntano Alberto Rodr\u00edguez Sa\u00e1, al proceso de reestructuraci\u00f3n de la deuda encarado por el Gobierno.<\/p>\n<p>As\u00ed lo hicieron a trav\u00e9s de una solicitada publicada hoy, de cara al vencimiento del plazo para que los bonistas acepten o rechacen la oferta, previsto para el viernes.<\/p>\n<p>En el texto, los mandatarios destacaron la necesidad de &#8220;hacer el mayor esfuerzo posible y dar todo el apoyo para que Argentina pueda redefinir sus compromisos de forma sostenible de modo de poder cumplir con sus obligaciones y evitar la cesaci\u00f3n de pagos o default\u201d.<\/p>\n","protected":false},"excerpt":{"rendered":"<p>A la espera de la respuesta de los bonistas a la oferta de renegociaci\u00f3n de la deuda p\u00fablica el Presidente se reunir\u00e1 esta tarde con los principales representantes de los empresarios y de los trabajadores, acompa\u00f1ado del ministro de Econom\u00eda &nbsp; El presidente Alberto Fern\u00e1ndez mantendr\u00e1 a las 17 una audiencia en la residencia de Olivos acompa\u00f1ado por el ministro de Econom\u00eda, Mart\u00edn Guzm\u00e1n, y los principales representantes de los empresarios y de los trabajadores, que respaldan el proceso de negociaci\u00f3n de la deuda p\u00fablica formulado por el Estado argentino&#8230;.<\/p>\n","protected":false},"author":3,"featured_media":60965,"comment_status":"closed","ping_status":"closed","sticky":false,"template":"","format":"standard","meta":[],"categories":[18],"tags":[],"_links":{"self":[{"href":"https:\/\/www.actualidadadiario.com\/index.php\/wp-json\/wp\/v2\/posts\/60964"}],"collection":[{"href":"https:\/\/www.actualidadadiario.com\/index.php\/wp-json\/wp\/v2\/posts"}],"about":[{"href":"https:\/\/www.actualidadadiario.com\/index.php\/wp-json\/wp\/v2\/types\/post"}],"author":[{"embeddable":true,"href":"https:\/\/www.actualidadadiario.com\/index.php\/wp-json\/wp\/v2\/users\/3"}],"replies":[{"embeddable":true,"href":"https:\/\/www.actualidadadiario.com\/index.php\/wp-json\/wp\/v2\/comments?post=60964"}],"version-history":[{"count":1,"href":"https:\/\/www.actualidadadiario.com\/index.php\/wp-json\/wp\/v2\/posts\/60964\/revisions"}],"predecessor-version":[{"id":60966,"href":"https:\/\/www.actualidadadiario.com\/index.php\/wp-json\/wp\/v2\/posts\/60964\/revisions\/60966"}],"wp:featuredmedia":[{"embeddable":true,"href":"https:\/\/www.actualidadadiario.com\/index.php\/wp-json\/wp\/v2\/media\/60965"}],"wp:attachment":[{"href":"https:\/\/www.actualidadadiario.com\/index.php\/wp-json\/wp\/v2\/media?parent=60964"}],"wp:term":[{"taxonomy":"category","embeddable":true,"href":"https:\/\/www.actualidadadiario.com\/index.php\/wp-json\/wp\/v2\/categories?post=60964"},{"taxonomy":"post_tag","embeddable":true,"href":"https:\/\/www.actualidadadiario.com\/index.php\/wp-json\/wp\/v2\/tags?post=60964"}],"curies":[{"name":"wp","href":"https:\/\/api.w.org\/{rel}","templated":true}]}}