{"id":60961,"date":"2020-05-04T17:12:59","date_gmt":"2020-05-04T20:12:59","guid":{"rendered":"https:\/\/www.actualidadadiario.com\/?p=60961"},"modified":"2020-05-04T17:12:59","modified_gmt":"2020-05-04T20:12:59","slug":"el-gobierno-confirmo-la-continuidad-del-ingreso-familiar-de-emergencia","status":"publish","type":"post","link":"https:\/\/www.actualidadadiario.com\/index.php\/2020\/05\/04\/el-gobierno-confirmo-la-continuidad-del-ingreso-familiar-de-emergencia\/","title":{"rendered":"El gobierno confirm\u00f3 la continuidad del Ingreso Familiar de Emergencia"},"content":{"rendered":"<p style=\"text-align: center;\"><em><strong>Lo anunci\u00f3 Santiago Cafiero, quien encabezar\u00e1 este lunes una nueva reuni\u00f3n del gabinete econ\u00f3mico para extender la ayuda destinada a trabajadores informales y monotributistas<\/strong><\/em><\/p>\n<p>&nbsp;<\/p>\n<p>Cafiero confirm\u00f3 que &#8220;se extiende el IFE para el mes de abril, que se va a pagar en mayo&#8221;<\/p>\n<p>El jefe de Gabinete realiz\u00f3 declaraciones radiales antes de encabezar la reuni\u00f3n de gabinete econ\u00f3mico que tratar\u00e1 esta ayuda de 10.000 pesos para los sectores m\u00e1s vulnerables no registrados de la econom\u00eda<\/p>\n<p>El jefe de Gabinete, Santiago Cafiero, confirm\u00f3 hoy que &#8220;se extiende el Ingreso Familiar de Emergencia (IFE) para el mes de abril, que se va a pagar en mayo&#8221;, antes de encabezar la reuni\u00f3n de gabinete econ\u00f3mico que tratar\u00e1 esta ayuda de 10.000 pesos para los sectores m\u00e1s vulnerables no registrados de la econom\u00eda.<\/p>\n<p>&#8220;Se extiende el IFE para el mes de abril, que se va a pagar en mayo&#8221;, dijo Cafiero a La Red, un rato antes del inicio de la reuni\u00f3n de gabinete econ\u00f3mico donde el IFE ser\u00e1 el tema central, con la participaci\u00f3n por primera vez de la flamante titular del Anses, Fernanda Raverta.<\/p>\n<p>Respecto a la participaci\u00f3n hoy de Raverta en la reuni\u00f3n de gabinete econ\u00f3mico dijo que &#8220;es importante que ya est\u00e9 trabajando&#8221; junto al Gobierno debido a que el Anses &#8220;est\u00e1 muy interrrelacionado con las pol\u00edticas p\u00fablicas que impulsa el Estado&#8221; en el marco de la pandemia, y agreg\u00f3: &#8220;Estamos contentos con la llegada de ella al Gobierno, va a aportar desde su militancia&#8221;.<\/p>\n<p>El gabinete econ\u00f3mico deliberaba esta ma\u00f1ana en la Casa Rosada para &#8220;darle continuidad&#8221; al IFE y tambi\u00e9n al programa ATP por el cual el Estado paga el 50% del salario de los trabajadores de las empresas privadas, para afrontar la crisis por el coronavirus.<\/p>\n<p>Cafiero hizo estas declaraciones en di\u00e1logos que mantuvieron esta ma\u00f1ana con radio La Red y AM750.<\/p>\n<p>En materia econ\u00f3mica, tambi\u00e9n se refiri\u00f3 a la oferta argentina a los acreedores extranjeros, y dej\u00f3 claro que es la que el gobierno nacional &#8220;puede cumplir&#8221; y &#8220;es sostenible&#8221; en el tiempo y destac\u00f3 el hecho de que &#8220;es la primera vez que en Argentina estas negociaciones&#8221; con acreedores extranjeros &#8220;se hacen de cara al Parlamento y de cara al pueblo&#8221; y sin &#8220;prometer que se va a ajustar a la gente&#8221;.<\/p>\n<p>&#8220;Es la primera vez que en Argentina estas negociaciones se hacen de cara al Parlamento y de cara al pueblo&#8221;, dijo, y agreg\u00f3 que se hizo &#8220;sin prometer que se va a ajustar a la gente&#8221;.<\/p>\n<p>Adem\u00e1s, ratific\u00f3 que &#8220;se va a empezar a trabajar&#8221; en el aumento a jubilados en el gabinete econ\u00f3mico durante este mes de mayo y saldr\u00e1 por decreto para junio.<\/p>\n<p>Para Cafiero, &#8220;hace muchos a\u00f1os no hubo una medida de inclusi\u00f3n financiera&#8221; en el pa\u00eds, y &#8220;la \u00faltima fue la AUH&#8221;.<\/p>\n<p>Tambi\u00e9n destac\u00f3 el respaldo expresado hoy por los gobernadores en una solicitada publicada hoy en los principales medios, a la oferta argentina a los bonistas extranjeros, que firmaron 23 de los 24 mandatarios locales (solo falt\u00f3 San Luis).<\/p>\n<p>&#8220;Es un texto que buscaba un apoyo generalizado, somos un espacio que piensa de manera federal, y les dijimos a las autoridades provinciales si quer\u00edan acompa\u00f1arnos, la gran mayor\u00eda dijo que s\u00ed&#8221;, dijo<\/p>\n<p>Al ser consultado sobre las aperturas al aislamiento social, preventivo y obligatorio dispuesto por el gobierno nacional el 20 de marzo, afirm\u00f3 que, &#8220;desde el punto de vista epidemiol\u00f3gico, hay que esperar unos diez d\u00edas para saber c\u00f3mo evoluciona&#8221; en los distritos en los que empez\u00f3 a abrirse en forma gradual y por sectores, como parte de la cuarentena focalizada.<\/p>\n<p>&#8220;Hay que saber d\u00f3nde estamos parados y los pasos a seguir&#8221;, dijo, tras dejar claro que las aperturas siempre van acompa\u00f1adas de protocolos sanitarios y fiscalizaci\u00f3n desde el gobierno nacional.<\/p>\n<p>Sobre la salida de la cuarentena, pidi\u00f3 mirar a otros pa\u00edses del mundo, como Alemania, porque est\u00e1n haciendo &#8220;un camino parecido&#8221; de salida gradual y diferenciada del aislamiento, y en ese sentido record\u00f3 que Argentina es &#8220;el octavo pa\u00eds m\u00e1s grande del mundo&#8221; por lo cual es necesario aplicar diferentes medidas en las distintas geograf\u00edas.<\/p>\n<p>&#8220;Si venimos bien, sumando cantidad de d\u00edas para la duplicaci\u00f3n de casos, vamos a poder ir sumando actividades y seguir en la misma l\u00ednea de que cada provincia vaya sumando actividades, siempre con protocolos&#8221;, indic\u00f3.<\/p>\n<p>&#8220;Lo que se valora mucho m\u00e1s es la decisi\u00f3n pol\u00edtica del Presidente de hacer esto a tiempo y de tomar las medidas a tiempo, eso es innegable&#8221;, sostuvo en referencia a Alberto Fern\u00e1ndez.<\/p>\n<p>Tambi\u00e9n fue consultado sobre los pedidos de rebaja salarial para funcionarios pol\u00edticos, en particular por parte de la ex ministra de Seguridad del macrismo, Patricia Bullrich.<\/p>\n<p>&#8220;No s\u00e9 de qu\u00e9 trabaja Patricia Bullrich, pero nosotros estamos trabajando a destajo con los empleados p\u00fablicos para administrar una pandemia que est\u00e1 destrozando al mundo, y tenemos que trabajar con mucha responsabilidad, de hecho ni siquiera tenemos tiempo de contestarle&#8221;, dijo, y record\u00f3 que est\u00e1n viendo &#8220;c\u00f3mo hacemos para que haya m\u00e1s respiradores, que las empresas textiles se reconviertan y empiecen a producir los insumos que nuestros m\u00e9dicos necesitan, como hacemos para ampliar la oferta de terapia intensiva, terminar los 12 hospitales modulares que se hicieron en tres semanas&#8221;.<\/p>\n<p>Consultado sobre los dos cacerolazos que sonaron despu\u00e9s de que se conociera que algunos jueces estaban otorgando prisi\u00f3n domiciliaria a detenidos en el marco de la pandemia&#8221;, dijo que el tema &#8220;a la gente le provoca angustia y eso es aprovechado por un sector opositor con mucha mezquindad&#8221;.<\/p>\n<p>Pero asegur\u00f3 que &#8220;tiene que quedar claro que el Poder Ejecutivo no puede ni debe detener, ni meter preso, ni liberar a nadie&#8221; y por ende &#8220;no es real vincular al gobierno con decisiones judiciales&#8221; porque &#8220;es otro poder&#8221;.<\/p>\n<p>&#8220;Nadie puede estar tranquilo si hay un genocida en libertad, si hay un violador en libertad&#8221;, a\u00f1adi\u00f3.<\/p>\n<p>Por \u00faltimo, sobre las declaraciones de la jueza Ana Mar\u00eda Figueroa de que recibi\u00f3 &#8220;presiones&#8221; durante el macrismo en algunas causas, Cafiero respondi\u00f3: &#8220;Es lo que nosotros ven\u00edamos denunciando: que hab\u00eda una clara presi\u00f3n de los jueces por parte de Mauricio Macri. Era muy visible lo que estaba pasando&#8221;.<\/p>\n","protected":false},"excerpt":{"rendered":"<p>Lo anunci\u00f3 Santiago Cafiero, quien encabezar\u00e1 este lunes una nueva reuni\u00f3n del gabinete econ\u00f3mico para extender la ayuda destinada a trabajadores informales y monotributistas &nbsp; Cafiero confirm\u00f3 que &#8220;se extiende el IFE para el mes de abril, que se va a pagar en mayo&#8221; El jefe de Gabinete realiz\u00f3 declaraciones radiales antes de encabezar la reuni\u00f3n de gabinete econ\u00f3mico que tratar\u00e1 esta ayuda de 10.000 pesos para los sectores m\u00e1s vulnerables no registrados de la econom\u00eda El jefe de Gabinete, Santiago Cafiero, confirm\u00f3 hoy que &#8220;se extiende el Ingreso Familiar&#8230;<\/p>\n","protected":false},"author":3,"featured_media":60962,"comment_status":"closed","ping_status":"closed","sticky":false,"template":"","format":"standard","meta":[],"categories":[18],"tags":[],"_links":{"self":[{"href":"https:\/\/www.actualidadadiario.com\/index.php\/wp-json\/wp\/v2\/posts\/60961"}],"collection":[{"href":"https:\/\/www.actualidadadiario.com\/index.php\/wp-json\/wp\/v2\/posts"}],"about":[{"href":"https:\/\/www.actualidadadiario.com\/index.php\/wp-json\/wp\/v2\/types\/post"}],"author":[{"embeddable":true,"href":"https:\/\/www.actualidadadiario.com\/index.php\/wp-json\/wp\/v2\/users\/3"}],"replies":[{"embeddable":true,"href":"https:\/\/www.actualidadadiario.com\/index.php\/wp-json\/wp\/v2\/comments?post=60961"}],"version-history":[{"count":1,"href":"https:\/\/www.actualidadadiario.com\/index.php\/wp-json\/wp\/v2\/posts\/60961\/revisions"}],"predecessor-version":[{"id":60963,"href":"https:\/\/www.actualidadadiario.com\/index.php\/wp-json\/wp\/v2\/posts\/60961\/revisions\/60963"}],"wp:featuredmedia":[{"embeddable":true,"href":"https:\/\/www.actualidadadiario.com\/index.php\/wp-json\/wp\/v2\/media\/60962"}],"wp:attachment":[{"href":"https:\/\/www.actualidadadiario.com\/index.php\/wp-json\/wp\/v2\/media?parent=60961"}],"wp:term":[{"taxonomy":"category","embeddable":true,"href":"https:\/\/www.actualidadadiario.com\/index.php\/wp-json\/wp\/v2\/categories?post=60961"},{"taxonomy":"post_tag","embeddable":true,"href":"https:\/\/www.actualidadadiario.com\/index.php\/wp-json\/wp\/v2\/tags?post=60961"}],"curies":[{"name":"wp","href":"https:\/\/api.w.org\/{rel}","templated":true}]}}