{"id":60955,"date":"2020-05-04T17:11:07","date_gmt":"2020-05-04T20:11:07","guid":{"rendered":"https:\/\/www.actualidadadiario.com\/?p=60955"},"modified":"2020-05-04T17:11:07","modified_gmt":"2020-05-04T20:11:07","slug":"diputados-se-apresta-a-sesionar-en-el-senado-sigue-el-debate","status":"publish","type":"post","link":"https:\/\/www.actualidadadiario.com\/index.php\/2020\/05\/04\/diputados-se-apresta-a-sesionar-en-el-senado-sigue-el-debate\/","title":{"rendered":"Diputados se apresta a sesionar; en el Senado sigue el debate"},"content":{"rendered":"<p style=\"text-align: center;\"><em><strong>El mi\u00e9rcoles ser\u00e1 el simulacro en la C\u00e1mara baja y el jueves hay recinto. Desde el Frente de Todos consideran &#8220;desigual&#8221; que haya sesiones mixtas<\/strong><\/em><\/p>\n<p>&nbsp;<\/p>\n<p>&nbsp;<\/p>\n<p>Con funcionamientos y temarios diferentes, ambas c\u00e1maras del Congreso se alistan para realizar esta semana sus primeras sesiones remotas en medio del aislamiento social preventivo y obligatorio. Mientras en Diputados, el oficialismo y la oposici\u00f3n acordaron habilitar la participaci\u00f3n de algunos legisladores en el recinto al momento de sesionar; en el Senado, el bloque del Frente de Todos mantiene su rechazo a la modalidad &#8220;mixta&#8221; que proponen desde Juntos por el Cambio por considerarla &#8220;discriminatoria&#8221;.<\/p>\n<p>La sesi\u00f3n telem\u00e1tica en la C\u00e1mara baja est\u00e1 m\u00e1s atada a c\u00f3mo resulte el simulacro que se realizar\u00e1 el mi\u00e9rcoles que al temario que consensuen ma\u00f1ana en Labor Parlamentaria. Uno de los primeros puntos en que se pusieron de acuerdo fue que por el momento no se incluya el proyecto que establece un impuesto extraordinario a los grandes patrimonios, que impulsan desde el oficialismo. La discusi\u00f3n referida al funcionamiento de las sesiones qued\u00f3 saldada la semana pasada, cuando finalmente el titular de Diputados, Sergio Massa, accedi\u00f3 a que tanto las autoridades como los jefes de las bancadas asistan al recinto.<\/p>\n<p>La presidenta del Senado, Cristina Fern\u00e1ndez, propuso sesionar el mi\u00e9rcoles a trav\u00e9s de videoconferencia, con ella en el recinto, acompa\u00f1ada por el secretario parlamentario, Marcelo Fuentes; y el prosecretario parlamentario, Juan Tunessi. En tanto, la idea es que el resto de los senadores participen desde sus casas, despachos o alg\u00fan lugar oficial. Sin embargo, Juntos por el Cambio plantea que se lleve adelante la misma modalidad que en Diputados para que un pu\u00f1ado de legisladores puedan estar en el hemiciclo.<\/p>\n<p>En el bloque del Frente de Todos insistieron con que el debate sea totalmente virtual ya que consideran que una sesi\u00f3n &#8220;mixta&#8221; &#8220;estar\u00eda propiciando un trato desigual y, en cierta forma, discriminatorio entre los senadores&#8221;, seg\u00fan se\u00f1alaron la semana pasada en un comunicado que lleva las firmas del presidente de la bancada, Jos\u00e9 Mayans, y la vice, Anabel Fern\u00e1ndez Sagasti.<\/p>\n","protected":false},"excerpt":{"rendered":"<p>El mi\u00e9rcoles ser\u00e1 el simulacro en la C\u00e1mara baja y el jueves hay recinto. Desde el Frente de Todos consideran &#8220;desigual&#8221; que haya sesiones mixtas &nbsp; &nbsp; Con funcionamientos y temarios diferentes, ambas c\u00e1maras del Congreso se alistan para realizar esta semana sus primeras sesiones remotas en medio del aislamiento social preventivo y obligatorio. Mientras en Diputados, el oficialismo y la oposici\u00f3n acordaron habilitar la participaci\u00f3n de algunos legisladores en el recinto al momento de sesionar; en el Senado, el bloque del Frente de Todos mantiene su rechazo a la&#8230;<\/p>\n","protected":false},"author":3,"featured_media":60956,"comment_status":"closed","ping_status":"closed","sticky":false,"template":"","format":"standard","meta":[],"categories":[18],"tags":[],"_links":{"self":[{"href":"https:\/\/www.actualidadadiario.com\/index.php\/wp-json\/wp\/v2\/posts\/60955"}],"collection":[{"href":"https:\/\/www.actualidadadiario.com\/index.php\/wp-json\/wp\/v2\/posts"}],"about":[{"href":"https:\/\/www.actualidadadiario.com\/index.php\/wp-json\/wp\/v2\/types\/post"}],"author":[{"embeddable":true,"href":"https:\/\/www.actualidadadiario.com\/index.php\/wp-json\/wp\/v2\/users\/3"}],"replies":[{"embeddable":true,"href":"https:\/\/www.actualidadadiario.com\/index.php\/wp-json\/wp\/v2\/comments?post=60955"}],"version-history":[{"count":1,"href":"https:\/\/www.actualidadadiario.com\/index.php\/wp-json\/wp\/v2\/posts\/60955\/revisions"}],"predecessor-version":[{"id":60957,"href":"https:\/\/www.actualidadadiario.com\/index.php\/wp-json\/wp\/v2\/posts\/60955\/revisions\/60957"}],"wp:featuredmedia":[{"embeddable":true,"href":"https:\/\/www.actualidadadiario.com\/index.php\/wp-json\/wp\/v2\/media\/60956"}],"wp:attachment":[{"href":"https:\/\/www.actualidadadiario.com\/index.php\/wp-json\/wp\/v2\/media?parent=60955"}],"wp:term":[{"taxonomy":"category","embeddable":true,"href":"https:\/\/www.actualidadadiario.com\/index.php\/wp-json\/wp\/v2\/categories?post=60955"},{"taxonomy":"post_tag","embeddable":true,"href":"https:\/\/www.actualidadadiario.com\/index.php\/wp-json\/wp\/v2\/tags?post=60955"}],"curies":[{"name":"wp","href":"https:\/\/api.w.org\/{rel}","templated":true}]}}