{"id":60950,"date":"2020-05-04T17:09:22","date_gmt":"2020-05-04T20:09:22","guid":{"rendered":"https:\/\/www.actualidadadiario.com\/?p=60950"},"modified":"2020-05-04T17:09:22","modified_gmt":"2020-05-04T20:09:22","slug":"el-gobierno-analiza-extender-la-cuarentena-hasta-fin-de-mayo-y-gines-insiste-con-las-salidas-recreativas","status":"publish","type":"post","link":"https:\/\/www.actualidadadiario.com\/index.php\/2020\/05\/04\/el-gobierno-analiza-extender-la-cuarentena-hasta-fin-de-mayo-y-gines-insiste-con-las-salidas-recreativas\/","title":{"rendered":"El Gobierno analiza extender la cuarentena hasta fin de mayo y Gin\u00e9s insiste con las salidas recreativas"},"content":{"rendered":"<p style=\"text-align: center;\"><em><strong>&#8220;Debemos empezar a tener actividades sociales y productivas&#8221;, dijo el ministro, que parece buscar un modelo de &#8220;cuarentena sustentable&#8221; hasta el final del invierno<\/strong><\/em><\/p>\n<p>&nbsp;<\/p>\n<p>El Gobierno analiza extender la cuarentena hasta fin de mes para ingresar en la cuarta fase que durar\u00eda al menos hasta el 24 de mayo.<\/p>\n<p>Como viene haciendo Alberto Fern\u00e1ndez desde que decret\u00f3 el aislamiento obligatorio el pasado 20 de marzo, el Ejecutivo analiza ampliar otra vez la medida, a sabiendas de que el pico de contagiados por coronavirus a\u00fan no se alcanz\u00f3 y es riesgoso abrir la cuarentena justo antes de los d\u00edas m\u00e1s fr\u00edos del a\u00f1o.<\/p>\n<p>Como en la anterior extensi\u00f3n, para buscar consenso pol\u00edtico y de la sociedad, el Gobierno anunciar\u00e1 la apertura de la cuarentena para m\u00e1s actividades, aunque el grueso de la poblaci\u00f3n deber\u00e1 seguir aislada en su casa, sobre todo en el \u00e1rea metropolitana donde se ubica el foco de la pandemia.<\/p>\n<p>Mientras sigue avanzando el desacople del confinamiento. En por lo menos 15 provincias del pa\u00eds no hay circulaci\u00f3n comunitaria del virus y en muchos de estos territorios ya se avanz\u00f3 mucho en liberar actividades. Por caso, este fin de semana La Pampa autoriz\u00f3 las salidas recreativas y los parques y calles se poblaron de familias.<\/p>\n<p>En ese sentido, el ministro de Salud, Gin\u00e9s Gonz\u00e1lez Garc\u00eda, dijo este domingo que despu\u00e9s del 10 de mayo cuando finalice la tercera fase de la cuarentena &#8220;debemos empezar a tener actividades sociales y productivas, con todo el cuidado&#8221;, aunque aclar\u00f3 que \u00e9l no es quien toma esa decisi\u00f3n.<\/p>\n<p>Adem\u00e1s, sostuvo que la apertura de esas actividades ser\u00e1 &#8220;gradual y seg\u00fan la epidemiolog\u00eda del lugar&#8221; y que siempre deber\u00e1 respetar los cuidados &#8220;como utilizar barbijos, cumplir con el distanciamiento social, toser sobre el pliegue del codo y no estar en lugares con mucha aglomeraci\u00f3n de personas&#8221;. Da la impresi\u00f3n que el Gobierno va buscando un modelo de cuarentena &#8220;sustentable&#8221; que permita extender alg\u00fan grado de confinamiento hasta el final del invierno.<\/p>\n<p>Sobre la propagaci\u00f3n del coronavirus, el ministro se\u00f1al\u00f3 que habr\u00e1 un incremento de casos en los pr\u00f3ximos d\u00edas y reconoci\u00f3 que en la actualidad existe &#8220;un lento incremento, centralmente en las grandes urbes y en el \u00c1rea Metropolitana de Buenos Aires (AMBA)&#8221;, pero destac\u00f3 &#8220;la capacidad de respuesta&#8221; del sistema de salud.<\/p>\n<p>&#8220;Ayer hubo 161 personas que necesitaron camas de terapia intensiva y tenemos m\u00e1s de seis mil disponibles&#8221;, revel\u00f3 y agreg\u00f3 que en el \u00faltimo mes se distribuyeron 1.011 respiradores en todo el pa\u00eds.<\/p>\n<p>Como datos positivos, el funcionario nacional enumer\u00f3 que existe un mayor porcentaje de personas vacunadas contra la gripe con relaci\u00f3n a a\u00f1os anteriores; que est\u00e1n disminuyendo la cantidad de personas con enfermedades respiratorias &#8220;gracias al trabajo de prevenci\u00f3n que se viene realizando&#8221;, y que este a\u00f1o es el de menor tasa de mortalidad en el pa\u00eds de los \u00faltimos a\u00f1os.<\/p>\n<p>Por \u00faltimo, Gonz\u00e1lez Garc\u00eda se refiri\u00f3 a la vuelta a clases y dijo que &#8220;no va a ser pronto&#8221;, aunque aclar\u00f3 que esa decisi\u00f3n la tomar\u00e1 el ministro de Educaci\u00f3n, Nicol\u00e1s Trotta.<\/p>\n<p>&#8220;La vuelta a clases no va a ser pronto porque todav\u00eda estamos en el primer tercio del recorrido&#8221;, asegur\u00f3 y agreg\u00f3 que &#8220;los chicos son transmisores brutales: vuelven a casa con los padres y abuelos y generan una r\u00e1pida expansi\u00f3n del virus y, lo importante, es tener el control de c\u00f3mo se desarrolla la pandemia&#8221;.<\/p>\n","protected":false},"excerpt":{"rendered":"<p>&#8220;Debemos empezar a tener actividades sociales y productivas&#8221;, dijo el ministro, que parece buscar un modelo de &#8220;cuarentena sustentable&#8221; hasta el final del invierno &nbsp; El Gobierno analiza extender la cuarentena hasta fin de mes para ingresar en la cuarta fase que durar\u00eda al menos hasta el 24 de mayo. Como viene haciendo Alberto Fern\u00e1ndez desde que decret\u00f3 el aislamiento obligatorio el pasado 20 de marzo, el Ejecutivo analiza ampliar otra vez la medida, a sabiendas de que el pico de contagiados por coronavirus a\u00fan no se alcanz\u00f3 y es&#8230;<\/p>\n","protected":false},"author":3,"featured_media":60951,"comment_status":"closed","ping_status":"closed","sticky":false,"template":"","format":"standard","meta":[],"categories":[9],"tags":[],"_links":{"self":[{"href":"https:\/\/www.actualidadadiario.com\/index.php\/wp-json\/wp\/v2\/posts\/60950"}],"collection":[{"href":"https:\/\/www.actualidadadiario.com\/index.php\/wp-json\/wp\/v2\/posts"}],"about":[{"href":"https:\/\/www.actualidadadiario.com\/index.php\/wp-json\/wp\/v2\/types\/post"}],"author":[{"embeddable":true,"href":"https:\/\/www.actualidadadiario.com\/index.php\/wp-json\/wp\/v2\/users\/3"}],"replies":[{"embeddable":true,"href":"https:\/\/www.actualidadadiario.com\/index.php\/wp-json\/wp\/v2\/comments?post=60950"}],"version-history":[{"count":1,"href":"https:\/\/www.actualidadadiario.com\/index.php\/wp-json\/wp\/v2\/posts\/60950\/revisions"}],"predecessor-version":[{"id":60952,"href":"https:\/\/www.actualidadadiario.com\/index.php\/wp-json\/wp\/v2\/posts\/60950\/revisions\/60952"}],"wp:featuredmedia":[{"embeddable":true,"href":"https:\/\/www.actualidadadiario.com\/index.php\/wp-json\/wp\/v2\/media\/60951"}],"wp:attachment":[{"href":"https:\/\/www.actualidadadiario.com\/index.php\/wp-json\/wp\/v2\/media?parent=60950"}],"wp:term":[{"taxonomy":"category","embeddable":true,"href":"https:\/\/www.actualidadadiario.com\/index.php\/wp-json\/wp\/v2\/categories?post=60950"},{"taxonomy":"post_tag","embeddable":true,"href":"https:\/\/www.actualidadadiario.com\/index.php\/wp-json\/wp\/v2\/tags?post=60950"}],"curies":[{"name":"wp","href":"https:\/\/api.w.org\/{rel}","templated":true}]}}