{"id":60944,"date":"2020-05-04T17:07:28","date_gmt":"2020-05-04T20:07:28","guid":{"rendered":"https:\/\/www.actualidadadiario.com\/?p=60944"},"modified":"2020-05-04T17:07:28","modified_gmt":"2020-05-04T20:07:28","slug":"piden-sostener-los-cuidados-para-minimizar-el-contagio-intradomiciliario","status":"publish","type":"post","link":"https:\/\/www.actualidadadiario.com\/index.php\/2020\/05\/04\/piden-sostener-los-cuidados-para-minimizar-el-contagio-intradomiciliario\/","title":{"rendered":"Piden sostener los cuidados para minimizar el contagio intradomiciliario"},"content":{"rendered":"<p style=\"text-align: center;\"><em><strong>Con 249 fallecidos en el pa\u00eds, en el reporte se se\u00f1al\u00f3 el descenso al 19% de los casos confirmados que tienen relaci\u00f3n con viajes y el ascenso a 43% de quienes tuvieron \u201ccontacto estrecho\u201d, motivo por el cual hicieron hincapi\u00e9 en los cuidados dentro del domicilio<\/strong><\/em><\/p>\n<p>&nbsp;<\/p>\n<p>La cifra de fallecidos por coronavirus en el pa\u00eds desde el inicio de la pandemia se elev\u00f3 a 249, inform\u00f3 hoy el Ministerio de Salud en su reporte diario matutino, donde adem\u00e1s se insisti\u00f3 en la necesidad de sostener las precauciones para \u201cminimizar\u201d las posibilidades de contagio intradomiciliario en aquellos grupos que tuvieron contacto estrecho con personas enfermas.<\/p>\n<p>Al encabezar el informe, la secretaria de Acceso a la Salud, Carla Vizzotti, se\u00f1al\u00f3 el descenso al 19% de los casos confirmados que tienen relaci\u00f3n con viajes y el ascenso a 43% de quienes tuvieron \u201ccontacto estrecho\u201d con personas con coronavirus, por lo que pidi\u00f3 mantener los recaudos para evitar los contagios dentro de las casas.<\/p>\n<p>\u201cEn contexto de ese 19% que tiene antecedentes de viaje y el 43% de contacto estrecho, viene la recomendaci\u00f3n: cuando estamos en casa y convivimos con alguien que tiene coronavirus confirmado y es un caso leve o con un contacto estrecho de un caso confirmado, la importancia que tiene el cuidado intradomiciliario\u201d, dijo Vizzotti.<\/p>\n<p>Sobre ese punto record\u00f3 que aun en casos leves de coronavirus la recomendaci\u00f3n es que \u201cse mantengan internados o en alg\u00fan lugar de aislamiento intermedio\u201d para evitar la exposici\u00f3n de las personas convivientes.<\/p>\n<p>Con 4.783 casos positivos, Vizzotti destac\u00f3 que el n\u00famero de reportado con la Covid-19 por d\u00eda se mantiene estable, que ya son 1442 las personas recuperadas y que 146 cursan la enfermedad en unidades de terapia intensiva, es decir, un 3% del total de enfermos.<\/p>\n<p>Respecto de los nuevos fallecidos, se inform\u00f3 que se trata de un var\u00f3n de 53 a\u00f1os residente en la provincia de Buenos Aires y dos mujeres mayores de 90 a\u00f1os residentes en la ciudad de Buenos Aires y en C\u00f3rdoba.<\/p>\n<p>As\u00ed, la tasa de mortalidad es de 5,5 casos cada mill\u00f3n de habitantes y el \u00edndice de letalidad del nuevo coronavirus respecto de los infectados asciende a 5,2.<\/p>\n<p>Ayer fueron realizadas 2.107 nuevas muestras y desde el inicio del brote se realizaron 67.920 pruebas diagn\u00f3sticas para esta enfermedad, lo que equivale a 1.496,8 muestras por mill\u00f3n de habitantes.<\/p>\n<p>Vizzotti aclar\u00f3 que &#8220;son 86 los laboratorios p\u00fablicos y privados del pa\u00eds que procesan m\u00e1s de 10 muestras diarias&#8221;.<\/p>\n<p>De la emisi\u00f3n del reporte tambi\u00e9n particip\u00f3 la secretaria de Pol\u00edticas de Igualdad y Diversidad del Ministerio de las Mujeres, G\u00e9neros y Diversidad, Cecilia Merch\u00e1n, quien hizo hincapi\u00e9 en la necesaria valorizaci\u00f3n social de las tareas de cuidado que, hist\u00f3ricamente, han reca\u00eddo sobre las mujeres.<\/p>\n<p>La funcionaria se\u00f1al\u00f3 que el aislamiento por la pandemia sobreexpone &#8220;el valor de tareas de cuidado, de ni\u00f1os, de adultos mayores, o discapacitados\u201d u otras como las que realizan las trabajadoras de casas particulares, \u201ccuya ausencia se nota absolutamente\u201d.<\/p>\n<p>Adem\u00e1s de poner en \u201cvalor\u201d estos trabajos, habl\u00f3 de la necesidad de terminar con las desigualdades laborales y dentro del hogar, compartiendo tareas de limpieza y cuidado de ni\u00f1as y ni\u00f1os sin distinci\u00f3n de g\u00e9nero.<\/p>\n","protected":false},"excerpt":{"rendered":"<p>Con 249 fallecidos en el pa\u00eds, en el reporte se se\u00f1al\u00f3 el descenso al 19% de los casos confirmados que tienen relaci\u00f3n con viajes y el ascenso a 43% de quienes tuvieron \u201ccontacto estrecho\u201d, motivo por el cual hicieron hincapi\u00e9 en los cuidados dentro del domicilio &nbsp; La cifra de fallecidos por coronavirus en el pa\u00eds desde el inicio de la pandemia se elev\u00f3 a 249, inform\u00f3 hoy el Ministerio de Salud en su reporte diario matutino, donde adem\u00e1s se insisti\u00f3 en la necesidad de sostener las precauciones para \u201cminimizar\u201d&#8230;<\/p>\n","protected":false},"author":3,"featured_media":60945,"comment_status":"closed","ping_status":"closed","sticky":false,"template":"","format":"standard","meta":[],"categories":[2],"tags":[],"_links":{"self":[{"href":"https:\/\/www.actualidadadiario.com\/index.php\/wp-json\/wp\/v2\/posts\/60944"}],"collection":[{"href":"https:\/\/www.actualidadadiario.com\/index.php\/wp-json\/wp\/v2\/posts"}],"about":[{"href":"https:\/\/www.actualidadadiario.com\/index.php\/wp-json\/wp\/v2\/types\/post"}],"author":[{"embeddable":true,"href":"https:\/\/www.actualidadadiario.com\/index.php\/wp-json\/wp\/v2\/users\/3"}],"replies":[{"embeddable":true,"href":"https:\/\/www.actualidadadiario.com\/index.php\/wp-json\/wp\/v2\/comments?post=60944"}],"version-history":[{"count":1,"href":"https:\/\/www.actualidadadiario.com\/index.php\/wp-json\/wp\/v2\/posts\/60944\/revisions"}],"predecessor-version":[{"id":60946,"href":"https:\/\/www.actualidadadiario.com\/index.php\/wp-json\/wp\/v2\/posts\/60944\/revisions\/60946"}],"wp:featuredmedia":[{"embeddable":true,"href":"https:\/\/www.actualidadadiario.com\/index.php\/wp-json\/wp\/v2\/media\/60945"}],"wp:attachment":[{"href":"https:\/\/www.actualidadadiario.com\/index.php\/wp-json\/wp\/v2\/media?parent=60944"}],"wp:term":[{"taxonomy":"category","embeddable":true,"href":"https:\/\/www.actualidadadiario.com\/index.php\/wp-json\/wp\/v2\/categories?post=60944"},{"taxonomy":"post_tag","embeddable":true,"href":"https:\/\/www.actualidadadiario.com\/index.php\/wp-json\/wp\/v2\/tags?post=60944"}],"curies":[{"name":"wp","href":"https:\/\/api.w.org\/{rel}","templated":true}]}}