{"id":60936,"date":"2020-05-04T17:04:18","date_gmt":"2020-05-04T20:04:18","guid":{"rendered":"https:\/\/www.actualidadadiario.com\/?p=60936"},"modified":"2020-05-04T17:04:18","modified_gmt":"2020-05-04T20:04:18","slug":"fijan-cuatro-pagos-de-5000-para-los-trabajadores-del-programa-intercosecha","status":"publish","type":"post","link":"https:\/\/www.actualidadadiario.com\/index.php\/2020\/05\/04\/fijan-cuatro-pagos-de-5000-para-los-trabajadores-del-programa-intercosecha\/","title":{"rendered":"Fijan cuatro pagos de $5000 para los trabajadores del Programa Intercosecha"},"content":{"rendered":"<p style=\"text-align: center;\"><em><strong>El Gobierno nacional dispuso que los trabajadores que ingresen al Programa Intercosecha percibir\u00e1n, a mes vencido, una ayuda econ\u00f3mica no remunerativa mensual de $5.000. Regir\u00e1 durante un plazo m\u00e1ximo de cuatro meses. La medida fue publicada este lunes en el Bolet\u00edn Oficial, mediante la resoluci\u00f3n 143\/2020 de la Secretar\u00eda de Empleo<\/strong><\/em><\/p>\n<p>&nbsp;<\/p>\n<p>De esta forma, la modificaci\u00f3n establecida se aplicar\u00e1 a acciones nuevas que inicien en el marco del Programa Intercosecha desde mayo de 2020, inclusive, en adelante. Este plan brinda a los trabajadores una ayuda econ\u00f3mica no remunerativa durante el receso estacional. El mismo es por un per\u00edodo m\u00e1ximo de hasta cuatro meses.<\/p>\n<p>Tambi\u00e9n establece cursos y\/o acciones de capacitaci\u00f3n del Plan de Formaci\u00f3n Continua, acciones de Entrenamiento para el Trabajo, el Programa de Inserci\u00f3n Laboral. El Programa de Empleo Independiente y Entramados Productivos Locales. Para incluirse, se requiere hacer un registro de declaraciones de ingresos. Ser\u00e1 de entre tres y diez meses para la actividad correspondiente en los \u00faltimos doce meses de datos disponibles.<\/p>\n<p>Asimismo, entre los requisitos tambi\u00e9n se determinan que la persona debe residir en la provincia y estar desocupados durante el per\u00edodo de intercosecha. Ser mayor de dieciocho a\u00f1os. Y no percibir prestaciones previsionales o por Seguro de Desempleo, ni estar participando de otros programas de empleo del Ministerio o provinciales. Se except\u00faa la l\u00ednea para beneficiarios del Programa Intercosecha del Programa de Inserci\u00f3n Laboral (PIL).<\/p>\n<p>En este contexto, en medio de la cuarentena obligatoria decretada por el Gobierno nacional, los trabajadores del sector recibir\u00e1n una ayuda econ\u00f3mica no remunerativa mensual de $5.000. As\u00ed, la Direcci\u00f3n General de Asuntos Jur\u00eddicos del Ministerio de Trabajo, tom\u00f3 la intervenci\u00f3n de su competencia.<\/p>\n","protected":false},"excerpt":{"rendered":"<p>El Gobierno nacional dispuso que los trabajadores que ingresen al Programa Intercosecha percibir\u00e1n, a mes vencido, una ayuda econ\u00f3mica no remunerativa mensual de $5.000. Regir\u00e1 durante un plazo m\u00e1ximo de cuatro meses. La medida fue publicada este lunes en el Bolet\u00edn Oficial, mediante la resoluci\u00f3n 143\/2020 de la Secretar\u00eda de Empleo &nbsp; De esta forma, la modificaci\u00f3n establecida se aplicar\u00e1 a acciones nuevas que inicien en el marco del Programa Intercosecha desde mayo de 2020, inclusive, en adelante. Este plan brinda a los trabajadores una ayuda econ\u00f3mica no remunerativa durante&#8230;<\/p>\n","protected":false},"author":3,"featured_media":60937,"comment_status":"closed","ping_status":"closed","sticky":false,"template":"","format":"standard","meta":[],"categories":[2],"tags":[],"_links":{"self":[{"href":"https:\/\/www.actualidadadiario.com\/index.php\/wp-json\/wp\/v2\/posts\/60936"}],"collection":[{"href":"https:\/\/www.actualidadadiario.com\/index.php\/wp-json\/wp\/v2\/posts"}],"about":[{"href":"https:\/\/www.actualidadadiario.com\/index.php\/wp-json\/wp\/v2\/types\/post"}],"author":[{"embeddable":true,"href":"https:\/\/www.actualidadadiario.com\/index.php\/wp-json\/wp\/v2\/users\/3"}],"replies":[{"embeddable":true,"href":"https:\/\/www.actualidadadiario.com\/index.php\/wp-json\/wp\/v2\/comments?post=60936"}],"version-history":[{"count":1,"href":"https:\/\/www.actualidadadiario.com\/index.php\/wp-json\/wp\/v2\/posts\/60936\/revisions"}],"predecessor-version":[{"id":60938,"href":"https:\/\/www.actualidadadiario.com\/index.php\/wp-json\/wp\/v2\/posts\/60936\/revisions\/60938"}],"wp:featuredmedia":[{"embeddable":true,"href":"https:\/\/www.actualidadadiario.com\/index.php\/wp-json\/wp\/v2\/media\/60937"}],"wp:attachment":[{"href":"https:\/\/www.actualidadadiario.com\/index.php\/wp-json\/wp\/v2\/media?parent=60936"}],"wp:term":[{"taxonomy":"category","embeddable":true,"href":"https:\/\/www.actualidadadiario.com\/index.php\/wp-json\/wp\/v2\/categories?post=60936"},{"taxonomy":"post_tag","embeddable":true,"href":"https:\/\/www.actualidadadiario.com\/index.php\/wp-json\/wp\/v2\/tags?post=60936"}],"curies":[{"name":"wp","href":"https:\/\/api.w.org\/{rel}","templated":true}]}}