{"id":60934,"date":"2020-05-04T17:03:24","date_gmt":"2020-05-04T20:03:24","guid":{"rendered":"https:\/\/www.actualidadadiario.com\/?p=60934"},"modified":"2020-05-04T17:03:24","modified_gmt":"2020-05-04T20:03:24","slug":"la-metalurgia-cayo-225-en-marzo-pero-hay-signos-de-una-lenta-reactivacion","status":"publish","type":"post","link":"https:\/\/www.actualidadadiario.com\/index.php\/2020\/05\/04\/la-metalurgia-cayo-225-en-marzo-pero-hay-signos-de-una-lenta-reactivacion\/","title":{"rendered":"La metalurgia cay\u00f3 22,5% en marzo, pero hay signos de una lenta reactivaci\u00f3n"},"content":{"rendered":"<p style=\"text-align: center;\"><em><strong>Entre el 80 y 85% de las cadenas de valor, vinculadas a actividades esenciales, iniciaron una senda de recuperaci\u00f3n, luego del parate<\/strong><\/em><\/p>\n<p>&nbsp;<\/p>\n<p>&nbsp;<\/p>\n<p>Aunque la actividad metal\u00fargica cay\u00f3 22,5% interanual en marzo, los \u00faltimos d\u00edas de abril mostraron una leve recuperaci\u00f3n del sector con la reapertura de f\u00e1bricas (con dotaciones m\u00ednimas) y operaciones de exportaci\u00f3n que estaban acordadas en forma previa a la cuarentena.<\/p>\n<p>De acuerdo con el informe de la Asociaci\u00f3n de Industriales Metal\u00fargicos (Adimra), la producci\u00f3n sufri\u00f3 una fuerte contracci\u00f3n durante marzo, con una ca\u00edda del 22,5% interanual. De esta manera, la actividad del sector acumula una disminuci\u00f3n de 11,4% en el primer trimestre.<\/p>\n<p>Sin embargo, fuentes de la entidad se\u00f1alaron a BAE Negocios que &#8220;est\u00e1n avanzando lentamente aquellos sectores que ya ten\u00edan exportaciones cerradas; no es que ya est\u00e1n exportando con normalidad pero son avances importantes&#8221;. Ejemplos de ello son la maquinaria agr\u00edcola, bienes de capital para proyectos vinculados a la energ\u00eda y maquinaria alimenticia, y herramentales para proyectos automotrices.<\/p>\n<p>Asimismo, desde Adimra expresaron que &#8220;se est\u00e1n reactivando las cadenas de valor vinculadas a las actividades esenciales, que son entre 80 y 85% de las cadenas del sector metal\u00fargico&#8221;<\/p>\n<p>Esta situaci\u00f3n se da en las provincias de Buenos Aires, Santa Fe y C\u00f3rdoba, donde se concentra la fabricaci\u00f3n, y con dotaciones m\u00ednimas que no llegan al 50% del personal. Adem\u00e1s, las fuentes destacaron que &#8220;el Ministerio de Trabajo de la provincia de Buenos Aires y la Superintendencia de Riesgos de Trabajo avalaron el protocolo acordado entre Adimra y la UOM&#8221;.<\/p>\n<p>&nbsp;<\/p>\n<p><strong>Regiones<\/strong><\/p>\n<p>La producci\u00f3n metal\u00fargica de C\u00f3rdoba fue la m\u00e1s perjudicada en marzo, presentando una ca\u00edda del 28,2% en t\u00e9rminos interanuales, inform\u00f3 Adimra. La provincia de Buenos Aires (incluyendo CABA) tambi\u00e9n experiment\u00f3 un fuerte contracci\u00f3n del 26,3%<\/p>\n<p>Teniendo en cuenta el interior de la provincia de Buenos Aires, la ca\u00edda fue del 21% interanual, mientras que en CABA y Gran Buenos Aires la producci\u00f3n disminuy\u00f3 un 29,9%. Por otro lado, Santa Fe, que ven\u00eda recuperando sus niveles de actividad, en marzo volvi\u00f3 a caer, presentando una contracci\u00f3n del 18,9%<\/p>\n<p>En marzo, el nivel de utilizaci\u00f3n de la capacidad instalada se ubic\u00f3 en torno al 42,5%, presentando uno de los niveles m\u00e1s bajos de la serie. Los rubros que presentaron mayores ca\u00eddas en su producci\u00f3n fueron: Fundici\u00f3n (-31,9%); Autopartes (-29,1%) y Equipos y aparatos el\u00e9ctricos (-26,3%).<\/p>\n<p>En cuanto al desempe\u00f1o metal\u00fargico por cadenas de valor, la actividad que m\u00e1s traccion\u00f3 a la baja fue Construcci\u00f3n e infraestructura (-27,3%) seguido del sector de Automotriz (-27,1%).<\/p>\n<p>&nbsp;<\/p>\n<p><strong>Empleo Metal\u00fargico<\/strong><\/p>\n<p>Durante marzo, el nivel de empleo se redujo un 3,1% en relaci\u00f3n al mismo mes de 2019, acumulando una ca\u00edda de 2,1% en lo que va del a\u00f1o.<\/p>\n<p>El 43% de los empresarios indic\u00f3 haber reducido su plantilla de personal. El 56% de las empresas redujeron las horas extras y un 35% indic\u00f3 una reducci\u00f3n en la jornada laboral durante el \u00faltimo semestre del a\u00f1o. Por otro lado, el 35% de los empresarios afirma haber solicitado el Programa de Recuperaci\u00f3n Productiva (REPRO) o proceso preventivo de crisis.<\/p>\n<p>Finalmente, el 52% de las empresas no prev\u00e9n cambios en el empleo en sus empresas en los pr\u00f3ximos 3 meses, mientras que el 42% estima que disminuir\u00e1, y el 6% que aumentar\u00e1.<\/p>\n","protected":false},"excerpt":{"rendered":"<p>Entre el 80 y 85% de las cadenas de valor, vinculadas a actividades esenciales, iniciaron una senda de recuperaci\u00f3n, luego del parate &nbsp; &nbsp; Aunque la actividad metal\u00fargica cay\u00f3 22,5% interanual en marzo, los \u00faltimos d\u00edas de abril mostraron una leve recuperaci\u00f3n del sector con la reapertura de f\u00e1bricas (con dotaciones m\u00ednimas) y operaciones de exportaci\u00f3n que estaban acordadas en forma previa a la cuarentena. De acuerdo con el informe de la Asociaci\u00f3n de Industriales Metal\u00fargicos (Adimra), la producci\u00f3n sufri\u00f3 una fuerte contracci\u00f3n durante marzo, con una ca\u00edda del 22,5%&#8230;<\/p>\n","protected":false},"author":3,"featured_media":39800,"comment_status":"closed","ping_status":"closed","sticky":false,"template":"","format":"standard","meta":[],"categories":[2],"tags":[],"_links":{"self":[{"href":"https:\/\/www.actualidadadiario.com\/index.php\/wp-json\/wp\/v2\/posts\/60934"}],"collection":[{"href":"https:\/\/www.actualidadadiario.com\/index.php\/wp-json\/wp\/v2\/posts"}],"about":[{"href":"https:\/\/www.actualidadadiario.com\/index.php\/wp-json\/wp\/v2\/types\/post"}],"author":[{"embeddable":true,"href":"https:\/\/www.actualidadadiario.com\/index.php\/wp-json\/wp\/v2\/users\/3"}],"replies":[{"embeddable":true,"href":"https:\/\/www.actualidadadiario.com\/index.php\/wp-json\/wp\/v2\/comments?post=60934"}],"version-history":[{"count":1,"href":"https:\/\/www.actualidadadiario.com\/index.php\/wp-json\/wp\/v2\/posts\/60934\/revisions"}],"predecessor-version":[{"id":60935,"href":"https:\/\/www.actualidadadiario.com\/index.php\/wp-json\/wp\/v2\/posts\/60934\/revisions\/60935"}],"wp:featuredmedia":[{"embeddable":true,"href":"https:\/\/www.actualidadadiario.com\/index.php\/wp-json\/wp\/v2\/media\/39800"}],"wp:attachment":[{"href":"https:\/\/www.actualidadadiario.com\/index.php\/wp-json\/wp\/v2\/media?parent=60934"}],"wp:term":[{"taxonomy":"category","embeddable":true,"href":"https:\/\/www.actualidadadiario.com\/index.php\/wp-json\/wp\/v2\/categories?post=60934"},{"taxonomy":"post_tag","embeddable":true,"href":"https:\/\/www.actualidadadiario.com\/index.php\/wp-json\/wp\/v2\/tags?post=60934"}],"curies":[{"name":"wp","href":"https:\/\/api.w.org\/{rel}","templated":true}]}}