{"id":60932,"date":"2020-05-04T17:02:35","date_gmt":"2020-05-04T20:02:35","guid":{"rendered":"https:\/\/www.actualidadadiario.com\/?p=60932"},"modified":"2020-05-04T17:02:35","modified_gmt":"2020-05-04T20:02:35","slug":"la-camara-de-la-construccion-cree-que-se-recuperara-la-obra-publica-nacional","status":"publish","type":"post","link":"https:\/\/www.actualidadadiario.com\/index.php\/2020\/05\/04\/la-camara-de-la-construccion-cree-que-se-recuperara-la-obra-publica-nacional\/","title":{"rendered":"La C\u00e1mara de la Construcci\u00f3n cree que se recuperar\u00e1 la obra p\u00fablica nacional"},"content":{"rendered":"<p style=\"text-align: center;\"><em><strong>Los empresarios valoran la apertura en nueve provincias para emprendimientos privados, donde ya existen edificios en marcha. Creen que los planes p\u00fablicos ir\u00e1n en aumentos sostenidamente<\/strong><\/em><\/p>\n<p>&nbsp;<\/p>\n<p>&nbsp;<\/p>\n<p>&nbsp;<\/p>\n<p>Ante la gravedad de la emergencia econ\u00f3mica derivada de la pandemia del coronavirus, la industria de la construcci\u00f3n comienza a ver \u201cluz al final del t\u00fanel\u201d. Los empresarios del sector valoraron la apertura de la obra privada en 9 provincias y creen que aumentar\u00e1 la obra p\u00fablica nacional en forma sostenida.<\/p>\n<p>As\u00ed lo adelant\u00f3 el presidente de la C\u00e1mara Argentina de la Construcci\u00f3n, Iv\u00e1n Szczech, quien fue tajante: \u201cEn cuanto a la obra p\u00fablica nacional, creemos que va a haber una tendencia creciente; a fines de abril hab\u00edamos alcanzado pr\u00e1cticamente los niveles de pre-cuarentena, principios de marzo y esto va a mejorar\u201d.<\/p>\n<p>En lo que se refiere a las iniciativas privadas, el empresario destac\u00f3 que en las nueve provincias que tomaron la delantera por sobre el resto, \u201cya tenemos edificios en construcci\u00f3n y hay casos de obras en shoppings\u201d, obviamente con los protocolos sanitarios obligatorios.<\/p>\n<p>En otro orden, el sector comenz\u00f3 a cobrar las deudas del Estado, en su mayor\u00eda gestadas durante la administraci\u00f3n del ex presidente Mauricio Macri. \u201cCobramos m\u00e1s de 15.000 millones de pesos en las \u00faltimas semanas, y de a poco, se va a tratar de regularizar la deuda que para el Gobierno era inicialmente de 35.000 millones\u201d.<\/p>\n<p>Mientras tanto, la C\u00e1mara sectorial aguarda por el inicio del plan de obra p\u00fablica para el conurbano de $15.000 millones, que est\u00e1 en la etapa de firma de convenios como parte de la administraci\u00f3n de la cuarentena. El programa orientado al GBA hab\u00eda sido adelantado a este medio por los intendentes Fernando Moreira (San Mart\u00edn), Lucas Ghi (Mor\u00f3n) y Alberto Descalzo (Ituzaing\u00f3). Todos coincidieron en que la coyuntura devastadora sobre la actividad tiene nexo directo con la decisi\u00f3n gubernamental de financiar los proyectos, en lo que se evidencia como una &#8220;apertura&#8221; leve del aislamiento social preventivo y obligatorio.<\/p>\n<p>M\u00e1s all\u00e1 de la colaboraci\u00f3n en planes relacionados con la salud p\u00fablica, los m\u00e1s de veinte municipios del primer y segundo cord\u00f3n del Gran Buenos Aires presentaron proyectos de tem\u00e1ticas diversas, como arreglo de veredas, cuidado de plazas y espacios p\u00fablicos, peque\u00f1as obras de conexi\u00f3n de agua y cloacas, cord\u00f3n cuneta, trabajos de pintura en escuelas y terminaci\u00f3n de hospitales, entre otros planes de acci\u00f3n. En esta l\u00ednea, el intendente Ghi ampli\u00f3 a este medio: &#8220;Existe una convocatoria a licitaciones p\u00fablicas, y vamos a necesitar tanto de los trabajadores municipales como de las cooperativas y las empresas que se presenten para ejecutar las obras&#8221;.<\/p>\n<p>Uno de los principales pedidos del Gobierno a los intendentes es que se priorice la labor de las peque\u00f1as y medianas empresas locales, junto con los corralones y el &#8220;ecosistema&#8221; de proveedores radicados en el conurbano.<\/p>\n","protected":false},"excerpt":{"rendered":"<p>Los empresarios valoran la apertura en nueve provincias para emprendimientos privados, donde ya existen edificios en marcha. Creen que los planes p\u00fablicos ir\u00e1n en aumentos sostenidamente &nbsp; &nbsp; &nbsp; Ante la gravedad de la emergencia econ\u00f3mica derivada de la pandemia del coronavirus, la industria de la construcci\u00f3n comienza a ver \u201cluz al final del t\u00fanel\u201d. Los empresarios del sector valoraron la apertura de la obra privada en 9 provincias y creen que aumentar\u00e1 la obra p\u00fablica nacional en forma sostenida. As\u00ed lo adelant\u00f3 el presidente de la C\u00e1mara Argentina de&#8230;<\/p>\n","protected":false},"author":3,"featured_media":52080,"comment_status":"closed","ping_status":"closed","sticky":false,"template":"","format":"standard","meta":[],"categories":[2],"tags":[],"_links":{"self":[{"href":"https:\/\/www.actualidadadiario.com\/index.php\/wp-json\/wp\/v2\/posts\/60932"}],"collection":[{"href":"https:\/\/www.actualidadadiario.com\/index.php\/wp-json\/wp\/v2\/posts"}],"about":[{"href":"https:\/\/www.actualidadadiario.com\/index.php\/wp-json\/wp\/v2\/types\/post"}],"author":[{"embeddable":true,"href":"https:\/\/www.actualidadadiario.com\/index.php\/wp-json\/wp\/v2\/users\/3"}],"replies":[{"embeddable":true,"href":"https:\/\/www.actualidadadiario.com\/index.php\/wp-json\/wp\/v2\/comments?post=60932"}],"version-history":[{"count":1,"href":"https:\/\/www.actualidadadiario.com\/index.php\/wp-json\/wp\/v2\/posts\/60932\/revisions"}],"predecessor-version":[{"id":60933,"href":"https:\/\/www.actualidadadiario.com\/index.php\/wp-json\/wp\/v2\/posts\/60932\/revisions\/60933"}],"wp:featuredmedia":[{"embeddable":true,"href":"https:\/\/www.actualidadadiario.com\/index.php\/wp-json\/wp\/v2\/media\/52080"}],"wp:attachment":[{"href":"https:\/\/www.actualidadadiario.com\/index.php\/wp-json\/wp\/v2\/media?parent=60932"}],"wp:term":[{"taxonomy":"category","embeddable":true,"href":"https:\/\/www.actualidadadiario.com\/index.php\/wp-json\/wp\/v2\/categories?post=60932"},{"taxonomy":"post_tag","embeddable":true,"href":"https:\/\/www.actualidadadiario.com\/index.php\/wp-json\/wp\/v2\/tags?post=60932"}],"curies":[{"name":"wp","href":"https:\/\/api.w.org\/{rel}","templated":true}]}}