{"id":60930,"date":"2020-05-04T17:01:37","date_gmt":"2020-05-04T20:01:37","guid":{"rendered":"https:\/\/www.actualidadadiario.com\/?p=60930"},"modified":"2020-05-04T17:01:37","modified_gmt":"2020-05-04T20:01:37","slug":"en-junio-las-jubilaciones-tambien-se-aumentaran-por-decreto","status":"publish","type":"post","link":"https:\/\/www.actualidadadiario.com\/index.php\/2020\/05\/04\/en-junio-las-jubilaciones-tambien-se-aumentaran-por-decreto\/","title":{"rendered":"En junio, las jubilaciones tambi\u00e9n se aumentar\u00e1n por decreto"},"content":{"rendered":"<p style=\"text-align: center;\"><em><strong>Pese a que la ley de Emergencia Econ\u00f3mica sancionada en diciembre establec\u00eda que una comisi\u00f3n deb\u00eda elaborar una nueva f\u00f3rmula de movilidad jubilatoria dentro de los 180 d\u00edas de su sanci\u00f3n, pero ni una ni la otra fueron creadas. As\u00ed lo dio a conocer esta ma\u00f1ana el jefe de Gabinete, Santiago Cafiero<\/strong><\/em><\/p>\n<p>&nbsp;<\/p>\n<p>&nbsp;<\/p>\n<p>&#8220;El aumento a jubilados se va a empezar a trabajar y va a salir por decreto en junio&#8221;, anticip\u00f3 esta ma\u00f1ana el jefe de Gabinete, Santiago Cafiero. Pese a que la Ley de Solidaridad y Reactivaci\u00f3n Productiva, m\u00e1s conocida como la Ley de Emergencia, sancionada en diciembre establec\u00eda que la conformaci\u00f3n de una comisi\u00f3n para dise\u00f1ar una nueva f\u00f3rmula de movilidad dentro de los 180 d\u00edas, es decir, en junio, esto quedar\u00e1 pospuesto hasta nuevo aviso. Hasta el momento, ni siquiera se constituy\u00f3 la comisi\u00f3n.<\/p>\n<p>Esta ma\u00f1ana, en una entrevista concedida a radio La Red Cafiero dej\u00f3 entrever que la nueva f\u00f3rmula de movilidad jubilatoria, que una comisi\u00f3n deb\u00eda dise\u00f1ar antes del mes que viene es otra de las v\u00edctimas del coronavirus. El mes que viene, los ajustes volver\u00e1n a ser por decreto.<\/p>\n<p>En este marco, esta ma\u00f1ana, Cafiero admiti\u00f3 que el tema se est\u00e1 trabajando en el Gabinete econ\u00f3mico, y que &#8220;tiene much\u00edsimas aristas y componentes&#8221;. Dicho esto, anticip\u00f3 que, &#8220;para fines de mayo ya vamos a tener el n\u00famero del aumento&#8221;.<\/p>\n<p>Vale recordar, adem\u00e1s, que la ley que entr\u00f3 en vigencia apenas dos semanas despu\u00e9s de que Alberto Fern\u00e1ndez asumiera la Presidencia establec\u00eda que deb\u00eda conformarse una comisi\u00f3n dedicada a tal fin. En \u00e9l mientras tanto, el Ejecutivo, v\u00eda decreto, deb\u00eda ser el encargado de fijar un \u00edndice hasta tanto se conozca la f\u00f3rmula. Pero, hasta el momento, esa comisi\u00f3n jam\u00e1s se cre\u00f3.<\/p>\n<p>La \u00faltima actualizaci\u00f3n hab\u00eda sido en febrero. En ese momento, Fern\u00e1ndez decret\u00f3 un aumento, a partir de marzo, del 2,3% m\u00e1s una suma fija de $ 1500.<\/p>\n","protected":false},"excerpt":{"rendered":"<p>Pese a que la ley de Emergencia Econ\u00f3mica sancionada en diciembre establec\u00eda que una comisi\u00f3n deb\u00eda elaborar una nueva f\u00f3rmula de movilidad jubilatoria dentro de los 180 d\u00edas de su sanci\u00f3n, pero ni una ni la otra fueron creadas. As\u00ed lo dio a conocer esta ma\u00f1ana el jefe de Gabinete, Santiago Cafiero &nbsp; &nbsp; &#8220;El aumento a jubilados se va a empezar a trabajar y va a salir por decreto en junio&#8221;, anticip\u00f3 esta ma\u00f1ana el jefe de Gabinete, Santiago Cafiero. Pese a que la Ley de Solidaridad y Reactivaci\u00f3n&#8230;<\/p>\n","protected":false},"author":3,"featured_media":32169,"comment_status":"closed","ping_status":"closed","sticky":false,"template":"","format":"standard","meta":[],"categories":[9],"tags":[],"_links":{"self":[{"href":"https:\/\/www.actualidadadiario.com\/index.php\/wp-json\/wp\/v2\/posts\/60930"}],"collection":[{"href":"https:\/\/www.actualidadadiario.com\/index.php\/wp-json\/wp\/v2\/posts"}],"about":[{"href":"https:\/\/www.actualidadadiario.com\/index.php\/wp-json\/wp\/v2\/types\/post"}],"author":[{"embeddable":true,"href":"https:\/\/www.actualidadadiario.com\/index.php\/wp-json\/wp\/v2\/users\/3"}],"replies":[{"embeddable":true,"href":"https:\/\/www.actualidadadiario.com\/index.php\/wp-json\/wp\/v2\/comments?post=60930"}],"version-history":[{"count":1,"href":"https:\/\/www.actualidadadiario.com\/index.php\/wp-json\/wp\/v2\/posts\/60930\/revisions"}],"predecessor-version":[{"id":60931,"href":"https:\/\/www.actualidadadiario.com\/index.php\/wp-json\/wp\/v2\/posts\/60930\/revisions\/60931"}],"wp:featuredmedia":[{"embeddable":true,"href":"https:\/\/www.actualidadadiario.com\/index.php\/wp-json\/wp\/v2\/media\/32169"}],"wp:attachment":[{"href":"https:\/\/www.actualidadadiario.com\/index.php\/wp-json\/wp\/v2\/media?parent=60930"}],"wp:term":[{"taxonomy":"category","embeddable":true,"href":"https:\/\/www.actualidadadiario.com\/index.php\/wp-json\/wp\/v2\/categories?post=60930"},{"taxonomy":"post_tag","embeddable":true,"href":"https:\/\/www.actualidadadiario.com\/index.php\/wp-json\/wp\/v2\/tags?post=60930"}],"curies":[{"name":"wp","href":"https:\/\/api.w.org\/{rel}","templated":true}]}}