{"id":60927,"date":"2020-05-04T17:00:10","date_gmt":"2020-05-04T20:00:10","guid":{"rendered":"https:\/\/www.actualidadadiario.com\/?p=60927"},"modified":"2020-05-04T17:00:10","modified_gmt":"2020-05-04T20:00:10","slug":"la-provincia-habilitara-un-formulario-on-line-para-las-personas-que-quieran-regresar","status":"publish","type":"post","link":"https:\/\/www.actualidadadiario.com\/index.php\/2020\/05\/04\/la-provincia-habilitara-un-formulario-on-line-para-las-personas-que-quieran-regresar\/","title":{"rendered":"La provincia habilitar\u00e1 un formulario on line para las personas que quieran regresar"},"content":{"rendered":"<p style=\"text-align: center;\"><em><strong>A trav\u00e9s de una resoluci\u00f3n conjunta del Ministerio de Transporte y del Interior, el Gobierno Nacional autoriz\u00f3 nuevamente el traslado de personas que hayan quedado varadas en otras provincias hasta su lugar de origen<\/strong><\/em><\/p>\n<p>&nbsp;<\/p>\n<p>&nbsp;<\/p>\n<p>En este sentido la provincia de Entre R\u00edos habilitar\u00e1 un formulario on line que contenga todos los datos requeridos por Naci\u00f3n a fines de tramitar el certificado de una manera din\u00e1mica y eficiente. El formulario estar\u00e1 operativo este martes y se dar\u00e1 a conocer por los canales de informaci\u00f3n habituales.<\/p>\n<p>Las personas deber\u00e1n informar, en dicho formulario, datos personales de quienes se trasladan, datos del veh\u00edculo y ruta de ingreso a la provincia. Asimismo, al ingreso a la provincia, ser\u00e1n notificados de la obligatoriedad de realizar la cuarentena obligatoria en sus domicilios correspondientes.<\/p>\n<p>La metodolog\u00eda se coordin\u00f3 este lunes en una reuni\u00f3n entre la ministra de Gobierno y Justicia, Rosario Romero, el secretario General de la Gobernaci\u00f3n, Franco Ferrari, la secretaria de Modernizaci\u00f3n, Lucrecia Escand\u00f3n, el secretario de Transporte, N\u00e9stor Landra, el director de Operaciones y Seguridad, Gustavo Schierloh, el director de Seguridad Vial, Fabi\u00e1n Blanco y el subdirector de Transporte, Federico Mastaglia.<\/p>\n","protected":false},"excerpt":{"rendered":"<p>A trav\u00e9s de una resoluci\u00f3n conjunta del Ministerio de Transporte y del Interior, el Gobierno Nacional autoriz\u00f3 nuevamente el traslado de personas que hayan quedado varadas en otras provincias hasta su lugar de origen &nbsp; &nbsp; En este sentido la provincia de Entre R\u00edos habilitar\u00e1 un formulario on line que contenga todos los datos requeridos por Naci\u00f3n a fines de tramitar el certificado de una manera din\u00e1mica y eficiente. El formulario estar\u00e1 operativo este martes y se dar\u00e1 a conocer por los canales de informaci\u00f3n habituales. Las personas deber\u00e1n informar,&#8230;<\/p>\n","protected":false},"author":3,"featured_media":60928,"comment_status":"closed","ping_status":"closed","sticky":false,"template":"","format":"standard","meta":[],"categories":[15],"tags":[],"_links":{"self":[{"href":"https:\/\/www.actualidadadiario.com\/index.php\/wp-json\/wp\/v2\/posts\/60927"}],"collection":[{"href":"https:\/\/www.actualidadadiario.com\/index.php\/wp-json\/wp\/v2\/posts"}],"about":[{"href":"https:\/\/www.actualidadadiario.com\/index.php\/wp-json\/wp\/v2\/types\/post"}],"author":[{"embeddable":true,"href":"https:\/\/www.actualidadadiario.com\/index.php\/wp-json\/wp\/v2\/users\/3"}],"replies":[{"embeddable":true,"href":"https:\/\/www.actualidadadiario.com\/index.php\/wp-json\/wp\/v2\/comments?post=60927"}],"version-history":[{"count":1,"href":"https:\/\/www.actualidadadiario.com\/index.php\/wp-json\/wp\/v2\/posts\/60927\/revisions"}],"predecessor-version":[{"id":60929,"href":"https:\/\/www.actualidadadiario.com\/index.php\/wp-json\/wp\/v2\/posts\/60927\/revisions\/60929"}],"wp:featuredmedia":[{"embeddable":true,"href":"https:\/\/www.actualidadadiario.com\/index.php\/wp-json\/wp\/v2\/media\/60928"}],"wp:attachment":[{"href":"https:\/\/www.actualidadadiario.com\/index.php\/wp-json\/wp\/v2\/media?parent=60927"}],"wp:term":[{"taxonomy":"category","embeddable":true,"href":"https:\/\/www.actualidadadiario.com\/index.php\/wp-json\/wp\/v2\/categories?post=60927"},{"taxonomy":"post_tag","embeddable":true,"href":"https:\/\/www.actualidadadiario.com\/index.php\/wp-json\/wp\/v2\/tags?post=60927"}],"curies":[{"name":"wp","href":"https:\/\/api.w.org\/{rel}","templated":true}]}}