{"id":60924,"date":"2020-05-04T16:59:11","date_gmt":"2020-05-04T19:59:11","guid":{"rendered":"https:\/\/www.actualidadadiario.com\/?p=60924"},"modified":"2020-05-04T16:59:11","modified_gmt":"2020-05-04T19:59:11","slug":"caso-julieta-riera-pedimos-justicia-por-ella-y-por-todas-las-demas","status":"publish","type":"post","link":"https:\/\/www.actualidadadiario.com\/index.php\/2020\/05\/04\/caso-julieta-riera-pedimos-justicia-por-ella-y-por-todas-las-demas\/","title":{"rendered":"Caso Julieta Riera: &#8220;Pedimos justicia por ella y por todas las dem\u00e1s&#8221;"},"content":{"rendered":"<p style=\"text-align: center;\"><em><strong>&#8220;A\u00fan no se sabe si estaba embarazada. Pedimos justicia por ella, por la familia y por todas las dem\u00e1s. No es solo Julieta, hay muchas v\u00edctimas m\u00e1s&#8221;, indic\u00f3 la madre de Julieta Riera<\/strong><\/em><\/p>\n<p>&nbsp;<\/p>\n<p>&nbsp;<\/p>\n<p>Este lunes los padres de Julieta Riera fueron convocados a una audiencia en Tribunales para prestar declaraci\u00f3n frente al fiscal. El encuentro se bas\u00f3 en que &#8221; prestemos declaraci\u00f3n, fue informativo. El fiscal mismo dijo que se trat\u00f3 de un femicidio&#8221;, se\u00f1al\u00f3 Ana, la madre de Julieta.<\/p>\n<p>Teniendo en cuenta la posibilidad de que Julieta Riera haya estado embarazada Ana, indic\u00f3 que &#8220;a\u00fan no se sabe si estaba embarazada. Pedimos justicia por ella, por la familia y por todas las dem\u00e1s. No es solo Julieta hay muchas v\u00edctimas m\u00e1s&#8221;.<\/p>\n<p>&#8220;El motivo de la convocatoria de hoy fue para participar de una audiencia prestando declaraci\u00f3n testimonial, que sirve para ir acumulando pruebas y ayudar a la investigaci\u00f3n que el fiscal est\u00e1 llevando a cabo. Les pido tanto al fiscal como al juez, que, por ninguna cuesti\u00f3n de t\u00e9cnica jur\u00eddica, el sospechoso (por Jorge Juli\u00e1n Christe) tenga alg\u00fan beneficio&#8221;, se\u00f1al\u00f3 el padre.<\/p>\n<p>A su vez remarc\u00f3 que &#8220;esto forma parte de un conjunto de pruebas que se tendr\u00e1n que ponderar para el rearmado de la causa propiamente dicha, tomar contacto directo y de manera oficial, con la autoridad competente&#8221;. Se debe &#8220;conocer de primera mano el estado de la causa, como se llev\u00f3 a cabo la investigaci\u00f3n desde el minuto cero hasta el momento&#8221;.<\/p>\n<p>&#8220;Hoy me toca a m\u00ed, nunca imagine que en mi vida iba a pasar una situaci\u00f3n como esta, el femicidio existe. A Julieta la vi hace un par de a\u00f1os, por mi trabajo hace 30 a\u00f1os que no vivo en Paran\u00e1. A ella la recuerdo con amor&#8221;, reflexion\u00f3.<\/p>\n<p>&nbsp;<\/p>\n<p><strong>Proceso legal<\/strong><\/p>\n<p>&#8220;Esperamos que este proceso sea claro, que no haya lugar a dudas, se trata de un hecho terrible para nosotros. Estamos expectantes y evaluando con cautela los pasos de la investigaci\u00f3n, la etapa instructora&#8221;, indic\u00f3 el progenitor.<\/p>\n<p>En relaci\u00f3n a la que la madre del imputado es excamarista, el padre de Julieta remarc\u00f3 que &#8220;Queremos que sea un juicio sea justo, que la pertenencia familiar del sospechoso de cometer este terrible hecho, no sea un blindaje. Pedimos que se utilicen todos los mecanismos y elementos procesales para que sea un juicio claro y se arribe a la verdad. Independiente de que este se\u00f1or sea hijo de. Creo que la igualdad ante la ley nos cabe a todos.<\/p>\n<p>A su vez, remarc\u00f3 que &#8220;deseo que como padre y como ciudadano, que estas cuestiones de tecnicismos jur\u00eddicos, que muchas veces favorecen a delincuentes, no aparezcan en este hecho y por alguna cuesti\u00f3n legal se permita que esta apersona goce de alg\u00fan beneficio de libertad o la prisi\u00f3n domiciliaria. La sociedad est\u00e1 cansada de ver estas cosas&#8221;.<\/p>\n<p>Teniendo en cuenta las declaraciones de los testigos, inform\u00f3 que la justicia &#8220;va a ponderar los testimonios de las personas que conoc\u00edan a la pareja, contrastar los elementos de prueba que la polic\u00eda cient\u00edfica recogi\u00f3 del lugar del hecho. Material de soporte inform\u00e1tico. Estimo que todos esos elementos deber\u00edan ser analizados para confirmar la autor\u00eda de este hecho&#8221;.<\/p>\n","protected":false},"excerpt":{"rendered":"<p>&#8220;A\u00fan no se sabe si estaba embarazada. Pedimos justicia por ella, por la familia y por todas las dem\u00e1s. No es solo Julieta, hay muchas v\u00edctimas m\u00e1s&#8221;, indic\u00f3 la madre de Julieta Riera &nbsp; &nbsp; Este lunes los padres de Julieta Riera fueron convocados a una audiencia en Tribunales para prestar declaraci\u00f3n frente al fiscal. El encuentro se bas\u00f3 en que &#8221; prestemos declaraci\u00f3n, fue informativo. El fiscal mismo dijo que se trat\u00f3 de un femicidio&#8221;, se\u00f1al\u00f3 Ana, la madre de Julieta. Teniendo en cuenta la posibilidad de que Julieta&#8230;<\/p>\n","protected":false},"author":3,"featured_media":60925,"comment_status":"closed","ping_status":"closed","sticky":false,"template":"","format":"standard","meta":[],"categories":[15],"tags":[],"_links":{"self":[{"href":"https:\/\/www.actualidadadiario.com\/index.php\/wp-json\/wp\/v2\/posts\/60924"}],"collection":[{"href":"https:\/\/www.actualidadadiario.com\/index.php\/wp-json\/wp\/v2\/posts"}],"about":[{"href":"https:\/\/www.actualidadadiario.com\/index.php\/wp-json\/wp\/v2\/types\/post"}],"author":[{"embeddable":true,"href":"https:\/\/www.actualidadadiario.com\/index.php\/wp-json\/wp\/v2\/users\/3"}],"replies":[{"embeddable":true,"href":"https:\/\/www.actualidadadiario.com\/index.php\/wp-json\/wp\/v2\/comments?post=60924"}],"version-history":[{"count":1,"href":"https:\/\/www.actualidadadiario.com\/index.php\/wp-json\/wp\/v2\/posts\/60924\/revisions"}],"predecessor-version":[{"id":60926,"href":"https:\/\/www.actualidadadiario.com\/index.php\/wp-json\/wp\/v2\/posts\/60924\/revisions\/60926"}],"wp:featuredmedia":[{"embeddable":true,"href":"https:\/\/www.actualidadadiario.com\/index.php\/wp-json\/wp\/v2\/media\/60925"}],"wp:attachment":[{"href":"https:\/\/www.actualidadadiario.com\/index.php\/wp-json\/wp\/v2\/media?parent=60924"}],"wp:term":[{"taxonomy":"category","embeddable":true,"href":"https:\/\/www.actualidadadiario.com\/index.php\/wp-json\/wp\/v2\/categories?post=60924"},{"taxonomy":"post_tag","embeddable":true,"href":"https:\/\/www.actualidadadiario.com\/index.php\/wp-json\/wp\/v2\/tags?post=60924"}],"curies":[{"name":"wp","href":"https:\/\/api.w.org\/{rel}","templated":true}]}}