{"id":60919,"date":"2020-05-04T16:57:48","date_gmt":"2020-05-04T19:57:48","guid":{"rendered":"https:\/\/www.actualidadadiario.com\/?p=60919"},"modified":"2020-05-04T16:57:48","modified_gmt":"2020-05-04T19:57:48","slug":"iosper-se-reunira-con-giano-para-exponer-la-situacion-de-la-obra-social","status":"publish","type":"post","link":"https:\/\/www.actualidadadiario.com\/index.php\/2020\/05\/04\/iosper-se-reunira-con-giano-para-exponer-la-situacion-de-la-obra-social\/","title":{"rendered":"Iosper se reunir\u00e1 con Giano para exponer la situaci\u00f3n de la Obra Social"},"content":{"rendered":"<p style=\"text-align: center;\"><em><strong>Para exponer la real situaci\u00f3n de la prestadora de salud, el Directorio Obrero del Instituto de Obra Social de la Provincia de Entre R\u00edos (Iosper) solicit\u00f3 una audiencia al presidente de la C\u00e1mara de Diputados, \u00c1ngel Giano, y pidi\u00f3 la presencia en ese encuentro, de los integrantes de la Comisi\u00f3n de Salud. Reclam\u00f3 tambi\u00e9n la restituci\u00f3n del dos por ciento patronal del sector pasivo<\/strong><\/em><\/p>\n<p>&nbsp;<\/p>\n<p>&nbsp;<\/p>\n<p>Los integrantes del Directorio Obrero de la Obra Social, consideran que las expresiones de funcionarios denostando la administraci\u00f3n de Iosper, \u201cno se realizar\u00edan si recordaran que desde la ley 8706, hace m\u00e1s de 27 a\u00f1os, no se restableci\u00f3 el dos por ciento de los aportes patronales de la clase pasiva, que hoy representa la suma de casi 55 millones mensuales, m\u00e1s de 700 millones anuales\u201d. Como dato, cabe recordar que Iosper cerr\u00f3 el Balance 2019 con un d\u00e9ficit del cuatro por ciento, lo que significan m\u00e1s de 290 millones de pesos.<\/p>\n<p>Agregan adem\u00e1s que \u201cno se pens\u00f3 de d\u00f3nde se sacar\u00edan los fondos cuando se sancionaron las leyes especiales de cobertura del 100 por ciento, y menos se evalu\u00f3 qu\u00e9 se hace con el resto de afiliados que tambi\u00e9n tienen derechos para que se mantengan los servicios\u201d.<\/p>\n<p>Los directores de Iosper sostienen que, \u201cquienes critican, desconocen el proceso inflacionario, la suba del d\u00f3lar, la p\u00e9rdida del poder adquisitivo del salario, y el aumento de los medicamentos, y entienden que es fundamental presentar un informe, que distribuir\u00e1n a todas las entidades gremiales, donde constar\u00e1n las tablas comparativas con los aportes respecto otras obras sociales provinciales, la variaci\u00f3n del poder adquisitivo del aporte al Iosper relacionado con el incremento de medicamentos y tratamientos, as\u00ed como la variaci\u00f3n y comparaci\u00f3n del d\u00f3lar, los medicamentos, y las intervenciones quir\u00fargicas. Tambi\u00e9n demostrar\u00e1n d\u00f3nde qued\u00f3 el salario en esa tabla, as\u00ed como las inversiones realizadas, las ampliaciones de cobertura, y el incremento de valores en prestaciones que desde la obra social se efectu\u00f3 a los Hospitales P\u00fablicos, afrontando costos que corresponder\u00edan a otros organismos del Estado\u201d.<\/p>\n<p>&nbsp;<\/p>\n<p><strong>S\u00f3lo para Iosper sigue vigente la Ley 8706<\/strong><\/p>\n<p>Los directores obreros pretenden que las entidades gremiales posean la misma informaci\u00f3n oficial que los legisladores, porque si bien destacan la modificaci\u00f3n de la contribuci\u00f3n patronal del cuatro al 4,5 por ciento, hoy deber\u00eda ser del seis por ciento, ya que no es factible que solo para el Iosper siga la emergencia de la Ley 8706. Por eso, reclaman la necesidad de restablecer el dos por ciento patronal del sector pasivo.<\/p>\n<p>Por \u00faltimo, los integrantes del Directorio Obrero sostienen que \u201cen los an\u00e1lisis oficiales, no puede soslayarse el contexto hist\u00f3rico, econ\u00f3mico, social y sanitario\u201d, y por eso aportar\u00e1n a toda la comunidad vinculada a la Obra Social, datos y elementos para analizar el estado real de situaci\u00f3n de la prestadora de salud.<\/p>\n","protected":false},"excerpt":{"rendered":"<p>Para exponer la real situaci\u00f3n de la prestadora de salud, el Directorio Obrero del Instituto de Obra Social de la Provincia de Entre R\u00edos (Iosper) solicit\u00f3 una audiencia al presidente de la C\u00e1mara de Diputados, \u00c1ngel Giano, y pidi\u00f3 la presencia en ese encuentro, de los integrantes de la Comisi\u00f3n de Salud. Reclam\u00f3 tambi\u00e9n la restituci\u00f3n del dos por ciento patronal del sector pasivo &nbsp; &nbsp; Los integrantes del Directorio Obrero de la Obra Social, consideran que las expresiones de funcionarios denostando la administraci\u00f3n de Iosper, \u201cno se realizar\u00edan si&#8230;<\/p>\n","protected":false},"author":3,"featured_media":48799,"comment_status":"closed","ping_status":"closed","sticky":false,"template":"","format":"standard","meta":[],"categories":[15],"tags":[],"_links":{"self":[{"href":"https:\/\/www.actualidadadiario.com\/index.php\/wp-json\/wp\/v2\/posts\/60919"}],"collection":[{"href":"https:\/\/www.actualidadadiario.com\/index.php\/wp-json\/wp\/v2\/posts"}],"about":[{"href":"https:\/\/www.actualidadadiario.com\/index.php\/wp-json\/wp\/v2\/types\/post"}],"author":[{"embeddable":true,"href":"https:\/\/www.actualidadadiario.com\/index.php\/wp-json\/wp\/v2\/users\/3"}],"replies":[{"embeddable":true,"href":"https:\/\/www.actualidadadiario.com\/index.php\/wp-json\/wp\/v2\/comments?post=60919"}],"version-history":[{"count":1,"href":"https:\/\/www.actualidadadiario.com\/index.php\/wp-json\/wp\/v2\/posts\/60919\/revisions"}],"predecessor-version":[{"id":60920,"href":"https:\/\/www.actualidadadiario.com\/index.php\/wp-json\/wp\/v2\/posts\/60919\/revisions\/60920"}],"wp:featuredmedia":[{"embeddable":true,"href":"https:\/\/www.actualidadadiario.com\/index.php\/wp-json\/wp\/v2\/media\/48799"}],"wp:attachment":[{"href":"https:\/\/www.actualidadadiario.com\/index.php\/wp-json\/wp\/v2\/media?parent=60919"}],"wp:term":[{"taxonomy":"category","embeddable":true,"href":"https:\/\/www.actualidadadiario.com\/index.php\/wp-json\/wp\/v2\/categories?post=60919"},{"taxonomy":"post_tag","embeddable":true,"href":"https:\/\/www.actualidadadiario.com\/index.php\/wp-json\/wp\/v2\/tags?post=60919"}],"curies":[{"name":"wp","href":"https:\/\/api.w.org\/{rel}","templated":true}]}}