{"id":60915,"date":"2020-05-04T16:56:31","date_gmt":"2020-05-04T19:56:31","guid":{"rendered":"https:\/\/www.actualidadadiario.com\/?p=60915"},"modified":"2020-05-04T16:56:31","modified_gmt":"2020-05-04T19:56:31","slug":"aseguran-que-la-situacion-carcelaria-de-entre-rios-es-diferente-a-la-de-buenos-aires","status":"publish","type":"post","link":"https:\/\/www.actualidadadiario.com\/index.php\/2020\/05\/04\/aseguran-que-la-situacion-carcelaria-de-entre-rios-es-diferente-a-la-de-buenos-aires\/","title":{"rendered":"Aseguran que la situaci\u00f3n carcelaria de Entre R\u00edos es diferente a la de Buenos Aires"},"content":{"rendered":"<p style=\"text-align: center;\"><em><strong>El Defensor de Coordinaci\u00f3n Penal de Concordia, Alejandro Giorgio, distingui\u00f3 la realidad de las c\u00e1rceles de Entre R\u00edos de las de Buenos Aires, resaltando que en la provincia no hay sobrepoblaci\u00f3n de detenidos en las comisar\u00edas ni tantos internos sin condena en las penitenciar\u00edas. Remarc\u00f3 que la prisi\u00f3n domiciliaria no es la libertad para quienes la reciben y se\u00f1al\u00f3 que permitir\u00e1 generar espacios para atender a futuro a los internos afectados dentro de las c\u00e1rceles<\/strong><\/em><\/p>\n<p>&nbsp;<\/p>\n<p>&nbsp;<\/p>\n<p>Como contexto general, el letrado remarc\u00f3 en di\u00e1logo con el programa \u201cCon todo al aire\u201d (Radio La Red) que la situaci\u00f3n mundial por la pandemia de Covid-10 es \u201cexcepcional\u201d y calific\u00f3 de la misma manera a la decisi\u00f3n del presidente Alberto Fern\u00e1ndez de declarar una cuarentena en la Argentina. Luego, destac\u00f3 que todos los poderes del Estado y los estamentos del Gobierno, al igual que las actividades privadas, tomaron recaudos ante la situaci\u00f3n.<\/p>\n<p>En base a esto, sostuvo: \u201cEl sistema carcelario tambi\u00e9n tiene que tomar sus medidas para resguardarse y evitar el ingreso del virus a la c\u00e1rcel \u00bfQu\u00e9 es lo que se hizo en la provincia de Entre R\u00edos? Los jueces de ejecuci\u00f3n de Penas, la Dra. B\u00e9rtora en Paran\u00e1 y el Dr. Rossi en Gualeguaych\u00fa decretaron la suspensi\u00f3n inmediata y provisoria de las salidas transitorias de los internos y las visitas de los familiares \u00bfQu\u00e9 se busc\u00f3? Aislar las unidades penales (UP) de la poblaci\u00f3n, y por eso se cortaron todos los beneficios para los internos.<\/p>\n<p>\u201cEsto \u2013 agreg\u00f3 \u2013 no es suficiente. Tenemos que tomar otras medidas. Si observamos las recomendaciones de organismos nacionales e internacionales, todas tienden a que se descomprima la situaci\u00f3n carcelaria. Una de las alternativas es buscar las prisiones domiciliarias\u201d.<\/p>\n<p>Giorgio destac\u00f3 que si esto se hace \u201ccon sentido com\u00fan\u201d, se buscan las prioridades. Entonces hay que buscar a \u201clas poblaciones de riesgo: mayores de 65 a\u00f1os, los que tengan algunas patolog\u00edas y, por cuestiones de tiempo, aquellos que est\u00e1n muy cercanos al cumplimiento total de la pena y que han tenido buena conducta\u201d.<\/p>\n<p>\u201cAhora \u2013 aclar\u00f3 \u2013 la prisi\u00f3n domiciliaria no es la libertad. Es una forma de continuar cumpliendo la pena. Es una medida provisoria hasta tanto contin\u00fae el problema de la pandemia\u201d.<\/p>\n<p>El Defensor consign\u00f3: \u201cSi no se hace abuso y se selecciona dentro de estos grupos (de riesgo) es una medida adecuada. La confusi\u00f3n viene por lo que est\u00e1 sucediendo en varias jurisdicciones, como la provincia de Buenos Aires. Eso aqu\u00ed no sucede: nosotros no tenemos miles y miles de presos en comisar\u00edas, tampoco tenemos el 60% de las personas (alojadas en unidades penales) sin condena. De los 2500 internos que hay en Entre R\u00edos (los procesados detenidos sin fallo) no llegan a doscientos\u201d, abund\u00f3.<\/p>\n<p>Giorgio reclam\u00f3 tambi\u00e9n que se considera que hay delincuentes condenados por delitos graves que \u201ccon o sin Coronavirus\u201d han cumplido o est\u00e1n por cumplir su pena y tienen el derecho de recuperar la libertad.<\/p>\n<p>Asimismo, dijo que la medida provisoria de la prisi\u00f3n domiciliaria busca \u201cgenerar en cada Unidad Penal un espacio f\u00edsico donde puedan tener una serie de camas. Y que cuando el virus ingrese, puedan ser atendidos dentro de la UP. Es una respuesta a esta coyuntura\u201d, plante\u00f3.<\/p>\n","protected":false},"excerpt":{"rendered":"<p>El Defensor de Coordinaci\u00f3n Penal de Concordia, Alejandro Giorgio, distingui\u00f3 la realidad de las c\u00e1rceles de Entre R\u00edos de las de Buenos Aires, resaltando que en la provincia no hay sobrepoblaci\u00f3n de detenidos en las comisar\u00edas ni tantos internos sin condena en las penitenciar\u00edas. Remarc\u00f3 que la prisi\u00f3n domiciliaria no es la libertad para quienes la reciben y se\u00f1al\u00f3 que permitir\u00e1 generar espacios para atender a futuro a los internos afectados dentro de las c\u00e1rceles &nbsp; &nbsp; Como contexto general, el letrado remarc\u00f3 en di\u00e1logo con el programa \u201cCon todo&#8230;<\/p>\n","protected":false},"author":3,"featured_media":33717,"comment_status":"closed","ping_status":"closed","sticky":false,"template":"","format":"standard","meta":[],"categories":[15],"tags":[],"_links":{"self":[{"href":"https:\/\/www.actualidadadiario.com\/index.php\/wp-json\/wp\/v2\/posts\/60915"}],"collection":[{"href":"https:\/\/www.actualidadadiario.com\/index.php\/wp-json\/wp\/v2\/posts"}],"about":[{"href":"https:\/\/www.actualidadadiario.com\/index.php\/wp-json\/wp\/v2\/types\/post"}],"author":[{"embeddable":true,"href":"https:\/\/www.actualidadadiario.com\/index.php\/wp-json\/wp\/v2\/users\/3"}],"replies":[{"embeddable":true,"href":"https:\/\/www.actualidadadiario.com\/index.php\/wp-json\/wp\/v2\/comments?post=60915"}],"version-history":[{"count":1,"href":"https:\/\/www.actualidadadiario.com\/index.php\/wp-json\/wp\/v2\/posts\/60915\/revisions"}],"predecessor-version":[{"id":60916,"href":"https:\/\/www.actualidadadiario.com\/index.php\/wp-json\/wp\/v2\/posts\/60915\/revisions\/60916"}],"wp:featuredmedia":[{"embeddable":true,"href":"https:\/\/www.actualidadadiario.com\/index.php\/wp-json\/wp\/v2\/media\/33717"}],"wp:attachment":[{"href":"https:\/\/www.actualidadadiario.com\/index.php\/wp-json\/wp\/v2\/media?parent=60915"}],"wp:term":[{"taxonomy":"category","embeddable":true,"href":"https:\/\/www.actualidadadiario.com\/index.php\/wp-json\/wp\/v2\/categories?post=60915"},{"taxonomy":"post_tag","embeddable":true,"href":"https:\/\/www.actualidadadiario.com\/index.php\/wp-json\/wp\/v2\/tags?post=60915"}],"curies":[{"name":"wp","href":"https:\/\/api.w.org\/{rel}","templated":true}]}}