{"id":60912,"date":"2020-05-04T16:55:47","date_gmt":"2020-05-04T19:55:47","guid":{"rendered":"https:\/\/www.actualidadadiario.com\/?p=60912"},"modified":"2020-05-04T16:55:47","modified_gmt":"2020-05-04T19:55:47","slug":"la-provincia-autorizo-el-funcionamiento-de-comercios-minoristas-y-oficios","status":"publish","type":"post","link":"https:\/\/www.actualidadadiario.com\/index.php\/2020\/05\/04\/la-provincia-autorizo-el-funcionamiento-de-comercios-minoristas-y-oficios\/","title":{"rendered":"La provincia autoriz\u00f3 el funcionamiento de comercios minoristas y oficios"},"content":{"rendered":"<p style=\"text-align: center;\"><em><strong>El gobernador Gustavo Bordet anunci\u00f3 nuevas excepciones a las medidas de aislamiento que se suman a las 44 ya habilitadas en Entre R\u00edos. Se trata de comercios minoristas y peque\u00f1os oficios. Cada municipio debe realizar las habilitaciones respectivas en base a protocolos espec\u00edficos<\/strong><\/em><\/p>\n<p>&nbsp;<\/p>\n<p>&nbsp;<\/p>\n<p>\u201cEs muy importante poder contar con actividades comerciales que van a poder desarrollarse en forma minorista y tambi\u00e9n de otros oficios. Pero tambi\u00e9n quiero mencionar expresamente que en caso de verificarse en alguna ciudad situaciones epidemiol\u00f3gicas que lo ameriten, autom\u00e1ticamente se suspender\u00e1n estas habilitaciones y seremos muy estrictos. Es decir, donde detectemos que se produce un desborde de la situaci\u00f3n y donde detectemos que se producen incumplimientos expresos a lo que los protocolos establecen, volvemos todo a fojas cero. Por eso es que apelo a la responsabilidad de cada uno y tambi\u00e9n decir que habr\u00e1 un control permanente y que habr\u00e1 sanciones en caso de incumplimiento\u201d, indic\u00f3 el gobernador Gustavo Bordet durante la conferencia de prensa virtual realizada este lunes.<\/p>\n<p>&nbsp;<\/p>\n<p><strong>M\u00e1s actividades<\/strong><\/p>\n<p>\u201cTal cual lo anunci\u00e1ramos el lunes pasado, continuamos paulatina y progresivamente habilitando nuevas actividades comerciales e industriales. Once de ellas han sido habilitadas en todo el territorio de Entre R\u00edos (las que se suman a las 33 antes exceptuadas) y se encuentran operativas&#8221;, dijo el mandatario.<\/p>\n<p>Se\u00f1al\u00f3 que el estado que presenta hoy la provincia desde el punto de vista de la pandemia \u201ces controlado\u201d, y que no se han verificado casos de circulaci\u00f3n activa, aunque hubo un incremento de circulaci\u00f3n de casos que se han producido en las \u00faltimas horas y que fueron anunciados oportunamente.<\/p>\n<p>Explic\u00f3 que en este tiempo la provincia ha podido desarrollar la ampliaci\u00f3n del sistema de salud, y se ha podido lograr un mayor equipamiento y mayores camas. \u201cEsto fue frutos sin lugar a dudas de una pol\u00edtica que se sigui\u00f3 adelante estrictamente con criterios sanitarios, con un equipo trabajando y tambi\u00e9n ha demostrado lo que significa el aislamiento social, preventivo y obligatorio ha dado un muy alto resultado en la provincia. Por eso tenemos los resultados que podemos ofrecer hoy. No es fruto se azar, tampoco es fruto de la casualidad, sino justamente de un programa aplicado y de la conciencia que los entrerrianos hemos tomado&#8221;, remarc\u00f3 Bordet.<\/p>\n<p>En este punto fue que anunci\u00f3: &#8220;Esto nos lleva a anunciar que podemos tomar hoy nuevas medidas y desde el gobierno de la provincia hemos decidido la autorizaci\u00f3n para la habilitaci\u00f3n de comercios minoristas y de oficios menores. Esto es un reclamo que nos estaba realizando muy buena parte de la ciudadan\u00eda porque despu\u00e9s de dos meses de inactividad el impacto econ\u00f3mico realmente es muy grande y muy severo, sobre todo en comerciantes de distintas ciudades de la provincia de Entre R\u00edos&#8221;, dijo el mandatario.<\/p>\n<p>Al mismo tiempo advirti\u00f3 que el hecho de tener m\u00e1s comercios habilitados va a aumentar la circulaci\u00f3n de personas y esto sin lugar a dudas aumentar\u00e1 el riesgo de mayores contagios que se van a dar. \u201cPor eso es que preparamos el sistema de salud para cuando ese momento llegue\u201d, remarc\u00f3.<\/p>\n<p>&nbsp;<\/p>\n<p><strong>Responsabilidad<\/strong><\/p>\n<p>Subray\u00f3 que \u201cresulta fundamental que para que podamos seguir teniendo el control epidemiol\u00f3gico de la situaci\u00f3n sigamos trabajando del mismo modo, con esta misma responsabilidad social que nos ha caracterizado a cada uno de los ciudadanos de la provincia, haci\u00e9ndolo con responsabilidad del lugar que nos toca. En nuestro caso, como gobierno de la provincia; en el caso de los comerciantes, haci\u00e9ndolo con total responsabilidad, cuidando y velando por todas las normas de seguridad; y en el caso de los consumidores, de los vecinos, como hasta ahora, de manera correcta y responsable, para evitar que la pandemia pueda seguir propag\u00e1ndose\u201d, subray\u00f3.<\/p>\n<p>Dijo que \u201cde esta forma, se da un paso importante en la provincia al poder generar un circuito econ\u00f3mico y que es necesario que se ponga en marcha y reactive. Hemos escuchado, atendido y trabajado de manera muy responsable todos los reclamos. Pedimos esa misma rec\u00edproca responsabilidad para actuar cada d\u00eda cuando se habilite nuevas actividades comerciales&#8221;, solicit\u00f3.<\/p>\n<p>&nbsp;<\/p>\n<p><strong>Funci\u00f3n de los municipios<\/strong><\/p>\n<p>Precis\u00f3 que los intendentes conocen en cada municipio la realidad de la ciudad y aclar\u00f3 que son ellos los que elaborar\u00e1n los protocolos y pedir\u00e1n a la provincia las habilitaciones correspondientes para poder trabajar como se viene haciendo de manera articulada entre Naci\u00f3n, provincia y municipios.<\/p>\n<p>&#8220;Como el poder de polic\u00eda lo tienen los municipios sobre las habilitaciones de comercios o de clausuras y control en cada ciudad, la provincia autoriza las habilitaciones pero cada municipio debe realizar espec\u00edficamente las habilitaciones y adaptarlas a un protocolo que cada uno de ellos propiamente elaborar\u00e1. Esto es para lo que significan horarios de apertura, condiciones de apertura; la cantidad de empleados que pueden estar atendiendo al mismo tiempo dentro de cada comercio, siempre apelando a la responsabilidad de cada ciudadano y de cada propietario del comercio autorizado&#8221;.<\/p>\n<p>&nbsp;<\/p>\n<p><strong>Esparcimiento<\/strong><\/p>\n<p>Por otro lado acot\u00f3 que hasta el 10 de mayo, fecha de vencimiento de la pr\u00f3rroga de la cuarentena que hiciera el gobierno nacional, no se permitir\u00e1n las salidas recreativas en todo el territorio de la provincia, con excepci\u00f3n de los municipios que s\u00ed lo soliciten.<\/p>\n<p>Precis\u00f3 que la situaci\u00f3n controlada que tiene la provincia \u201cnos ha hecho analizar tambi\u00e9n el caso de algunas ciudades que hab\u00edan pedido la posibilidad de contar con acceso a una hora de esparcimiento diario p\u00fablico, y que fue as\u00ed que ante el pedido de la localidad de Cerrito fue autorizada y est\u00e1 funcionando de manera correcta de acuerdo a lo estipulado en los protocolos que se elevaron&#8221;. Agreg\u00f3 que a trav\u00e9s del Comit\u00e9 de Emergencia Sanitaria tambi\u00e9n se est\u00e1n analizando habilitaciones en otros municipios que lo han solicitado.<\/p>\n<p>Por \u00faltimo, indic\u00f3 que se &#8220;aguardar\u00e1 las novedades para las cuales estamos en contacto permanente con las autoridades nacionales en pos de ver c\u00f3mo sigue la pandemia y trabajando para el pr\u00f3ximo 10 de mayo. Por lo pronto, estas semanas tenemos un trabajo fecundo y articulado que hay que llevar adelante, con la m\u00e1xima responsabilidad que nos caracteriza a todos&#8221;.<\/p>\n","protected":false},"excerpt":{"rendered":"<p>El gobernador Gustavo Bordet anunci\u00f3 nuevas excepciones a las medidas de aislamiento que se suman a las 44 ya habilitadas en Entre R\u00edos. Se trata de comercios minoristas y peque\u00f1os oficios. Cada municipio debe realizar las habilitaciones respectivas en base a protocolos espec\u00edficos &nbsp; &nbsp; \u201cEs muy importante poder contar con actividades comerciales que van a poder desarrollarse en forma minorista y tambi\u00e9n de otros oficios. Pero tambi\u00e9n quiero mencionar expresamente que en caso de verificarse en alguna ciudad situaciones epidemiol\u00f3gicas que lo ameriten, autom\u00e1ticamente se suspender\u00e1n estas habilitaciones y&#8230;<\/p>\n","protected":false},"author":3,"featured_media":60913,"comment_status":"closed","ping_status":"closed","sticky":false,"template":"","format":"standard","meta":[],"categories":[9],"tags":[],"_links":{"self":[{"href":"https:\/\/www.actualidadadiario.com\/index.php\/wp-json\/wp\/v2\/posts\/60912"}],"collection":[{"href":"https:\/\/www.actualidadadiario.com\/index.php\/wp-json\/wp\/v2\/posts"}],"about":[{"href":"https:\/\/www.actualidadadiario.com\/index.php\/wp-json\/wp\/v2\/types\/post"}],"author":[{"embeddable":true,"href":"https:\/\/www.actualidadadiario.com\/index.php\/wp-json\/wp\/v2\/users\/3"}],"replies":[{"embeddable":true,"href":"https:\/\/www.actualidadadiario.com\/index.php\/wp-json\/wp\/v2\/comments?post=60912"}],"version-history":[{"count":1,"href":"https:\/\/www.actualidadadiario.com\/index.php\/wp-json\/wp\/v2\/posts\/60912\/revisions"}],"predecessor-version":[{"id":60914,"href":"https:\/\/www.actualidadadiario.com\/index.php\/wp-json\/wp\/v2\/posts\/60912\/revisions\/60914"}],"wp:featuredmedia":[{"embeddable":true,"href":"https:\/\/www.actualidadadiario.com\/index.php\/wp-json\/wp\/v2\/media\/60913"}],"wp:attachment":[{"href":"https:\/\/www.actualidadadiario.com\/index.php\/wp-json\/wp\/v2\/media?parent=60912"}],"wp:term":[{"taxonomy":"category","embeddable":true,"href":"https:\/\/www.actualidadadiario.com\/index.php\/wp-json\/wp\/v2\/categories?post=60912"},{"taxonomy":"post_tag","embeddable":true,"href":"https:\/\/www.actualidadadiario.com\/index.php\/wp-json\/wp\/v2\/tags?post=60912"}],"curies":[{"name":"wp","href":"https:\/\/api.w.org\/{rel}","templated":true}]}}