{"id":60910,"date":"2020-05-04T16:54:50","date_gmt":"2020-05-04T19:54:50","guid":{"rendered":"https:\/\/www.actualidadadiario.com\/?p=60910"},"modified":"2020-05-04T16:54:50","modified_gmt":"2020-05-04T19:54:50","slug":"entre-rios-tiene-una-tasa-de-infeccion-cinco-veces-menor-a-la-nacional","status":"publish","type":"post","link":"https:\/\/www.actualidadadiario.com\/index.php\/2020\/05\/04\/entre-rios-tiene-una-tasa-de-infeccion-cinco-veces-menor-a-la-nacional\/","title":{"rendered":"Entre R\u00edos tiene una tasa de infecci\u00f3n cinco veces menor a la nacional"},"content":{"rendered":"<p style=\"text-align: center;\"><em><strong>El gobierno provincial tiene bajo estricta vigilancia epidemiol\u00f3gica las regiones donde detectaron nuevos casos positivos de Covid. Entre R\u00edos es un \u00e1rea que se considera de bajo riesgo comunitario con capacidad fortalecida en los servicios de Salud<\/strong><\/em><\/p>\n<p>&nbsp;<\/p>\n<p>&nbsp;<\/p>\n<p>La provincia mantiene la curva de contagios aplanada con una baja tasa de infecci\u00f3n, cinco veces menor a la tasa nacional.<\/p>\n<p>\u201cGualeguaych\u00fa desde el viernes est\u00e1 en pleno proceso de vigilancia epidemiol\u00f3gica y de seguimiento de casos estrechos, y en ese marco hay varias personas que fueron aisladas y que est\u00e1n siendo estudiadas. Dos de esos casos fueron los que arrojaron este resultado el s\u00e1bado a la tarde. Son pacientes que cl\u00ednicamente se encuentran en buen estado general, uno con sintomatolog\u00eda leve y el otro no a\u00fan&#8221;, precis\u00f3 el secretario de Pol\u00edticas de Salud y Bienestar, Guillermo Zanuttini, durante la conferencia de prensa virtual realizada este domingo en la Casa de Gobierno.<\/p>\n<p>En cuanto a la actualizaci\u00f3n epidemiol\u00f3gica detall\u00f3 que hasta este s\u00e1bado por la noche en la provincia se estudiaron 623 casos, de los cuales 27 fueron positivos. Agreg\u00f3 que en las \u00faltimas 24 horas fueron detectados dos casos m\u00e1s que fueron por contacto estrecho con el que fue comunicado viernes de la ciudad de Gualeguaych\u00fa.<\/p>\n<p>Indic\u00f3 que los dos nuevos casos son de personas j\u00f3venes, trabajadores. Uno de ellos es de la ciudad cabecera y el otro es un contacto que pertenece a una localidad del departamento Gualeguaych\u00fa.<\/p>\n<p>&nbsp;<\/p>\n<p><strong>Baja tasa de infecci\u00f3n<\/strong><\/p>\n<p>Zanuttini puntualiz\u00f3 que s\u00f3lo el 4,3 por ciento de los casos estudiados fueron positivos y acot\u00f3 que en la provincia la tasa de infecci\u00f3n acumulada, comparada con la tasa nacional, es cinco veces menor. \u201cHoy Entre R\u00edos tiene una tasa de 0.19 cada 10.000 habitantes, esto ser\u00eda como que tenemos casi dos casos cada 100.000 habitantes, mientras que en naci\u00f3n hay 10 casos cada 100.000 personas\u201d, dijo el funcionario.<\/p>\n<p>Y agreg\u00f3: \u201cEntre R\u00edos es uno de los territorios de la naci\u00f3n que se define como \u00e1rea de bajo riesgo de transmisi\u00f3n comunitaria del coronavirus y b\u00e1sicamente esto se sustenta en que estos 27 casos corresponden a casos importados y a contactos estrechos de \u00e9stos. Solamente queda, que est\u00e1 en pleno proceso de investigaci\u00f3n y an\u00e1lisis por parte del \u00e1rea de Vigilancia Epidemiol\u00f3gica del Ministerio de Salud el caso registrado en la ciudad de Villaguay el viernes\u201d.<\/p>\n<p>Apunt\u00f3 que estas cifras tienen que ver con haber instalado el aislamiento social, preventivo y obligatorio en el territorio nacional. \u201cLas medidas tomadas en estos 45 d\u00edas claramente han impactado en la velocidad de transmisi\u00f3n del virus en la comunidad, han impactado en la carga de morbimortalidad y, al mismo tiempo nos permite mejorar la calidad de respuesta del sistema del servicio de Salud en esta etapa de vigilancia epidemiol\u00f3gica, profundizando cada uno de los casos que aparecen como sospechosos y haciendo todo el seguimiento que corresponde a los confirmados\u201d, se\u00f1al\u00f3 el secretario de Pol\u00edticas de Salud y Bienestar.<\/p>\n<p>Zanuttini, aclar\u00f3 que Entre R\u00edos es un \u00e1rea que se considera de bajo riesgo comunitario y apunt\u00f3 que en ese marco se han podido habilitar una numerosa cantidad de actividades econ\u00f3micas y productivas. Precis\u00f3 son 44 las que se habilitaron en las \u00faltimas semanas y adelant\u00f3 que se seguir\u00e1 evaluando la posibilidad de que tener un espacio de psicoprofilaxis de una hora, como lo planteo el decreto nacional de hace una semana.<\/p>\n<p>&nbsp;<\/p>\n<p><strong>Capacidad de atenci\u00f3n<\/strong><\/p>\n<p>Explic\u00f3 por otro lado que se ha fortalecido la capacidad instalada en los servicios de Salud en la provincia, fundamentalmente en este caso en los servicios p\u00fablicos, sobre todo en las localidades m\u00e1s importantes donde se encuentran los hospitales que son cabeceras departamentales. Remarc\u00f3 que en los \u00faltimos dos meses se han encardo obras de distinta magnitud en estos centros de atenci\u00f3n que permitieron mejorar el acceso y la circulaci\u00f3n de pacientes y de personal en los servicios de Salud.<\/p>\n","protected":false},"excerpt":{"rendered":"<p>El gobierno provincial tiene bajo estricta vigilancia epidemiol\u00f3gica las regiones donde detectaron nuevos casos positivos de Covid. Entre R\u00edos es un \u00e1rea que se considera de bajo riesgo comunitario con capacidad fortalecida en los servicios de Salud &nbsp; &nbsp; La provincia mantiene la curva de contagios aplanada con una baja tasa de infecci\u00f3n, cinco veces menor a la tasa nacional. \u201cGualeguaych\u00fa desde el viernes est\u00e1 en pleno proceso de vigilancia epidemiol\u00f3gica y de seguimiento de casos estrechos, y en ese marco hay varias personas que fueron aisladas y que est\u00e1n&#8230;<\/p>\n","protected":false},"author":3,"featured_media":59218,"comment_status":"closed","ping_status":"closed","sticky":false,"template":"","format":"standard","meta":[],"categories":[9],"tags":[],"_links":{"self":[{"href":"https:\/\/www.actualidadadiario.com\/index.php\/wp-json\/wp\/v2\/posts\/60910"}],"collection":[{"href":"https:\/\/www.actualidadadiario.com\/index.php\/wp-json\/wp\/v2\/posts"}],"about":[{"href":"https:\/\/www.actualidadadiario.com\/index.php\/wp-json\/wp\/v2\/types\/post"}],"author":[{"embeddable":true,"href":"https:\/\/www.actualidadadiario.com\/index.php\/wp-json\/wp\/v2\/users\/3"}],"replies":[{"embeddable":true,"href":"https:\/\/www.actualidadadiario.com\/index.php\/wp-json\/wp\/v2\/comments?post=60910"}],"version-history":[{"count":1,"href":"https:\/\/www.actualidadadiario.com\/index.php\/wp-json\/wp\/v2\/posts\/60910\/revisions"}],"predecessor-version":[{"id":60911,"href":"https:\/\/www.actualidadadiario.com\/index.php\/wp-json\/wp\/v2\/posts\/60910\/revisions\/60911"}],"wp:featuredmedia":[{"embeddable":true,"href":"https:\/\/www.actualidadadiario.com\/index.php\/wp-json\/wp\/v2\/media\/59218"}],"wp:attachment":[{"href":"https:\/\/www.actualidadadiario.com\/index.php\/wp-json\/wp\/v2\/media?parent=60910"}],"wp:term":[{"taxonomy":"category","embeddable":true,"href":"https:\/\/www.actualidadadiario.com\/index.php\/wp-json\/wp\/v2\/categories?post=60910"},{"taxonomy":"post_tag","embeddable":true,"href":"https:\/\/www.actualidadadiario.com\/index.php\/wp-json\/wp\/v2\/tags?post=60910"}],"curies":[{"name":"wp","href":"https:\/\/api.w.org\/{rel}","templated":true}]}}