{"id":60904,"date":"2020-04-30T12:56:07","date_gmt":"2020-04-30T15:56:07","guid":{"rendered":"https:\/\/www.actualidadadiario.com\/?p=60904"},"modified":"2020-04-30T12:56:07","modified_gmt":"2020-04-30T15:56:07","slug":"festejos-virtuales-a-43-anos-de-la-primera-ronda-de-las-madres","status":"publish","type":"post","link":"https:\/\/www.actualidadadiario.com\/index.php\/2020\/04\/30\/festejos-virtuales-a-43-anos-de-la-primera-ronda-de-las-madres\/","title":{"rendered":"Festejos virtuales a 43 a\u00f1os de la primera ronda de las Madres"},"content":{"rendered":"<p style=\"text-align: center;\"><em><strong>En medio de la cuarentena, varias organizaciones organizan acciones desde redes sociales para recordar 43 a\u00f1os de lucha de las Madres de la democracia<\/strong><\/em><\/p>\n<p>&nbsp;<\/p>\n<p>&nbsp;<\/p>\n<p>No sab\u00edan que hac\u00edan historia, no sab\u00edan que comenzaban un camino que dar\u00eda forma a las generaciones futuras de Argentina ni a la democracia de ese estado que, en aquel momento, era responsable de la desaparici\u00f3n de sus hijos. Hace 43 a\u00f1os, las Madres de Plaza de Mayo salieron por primera vez a manifestarse p\u00fablicamente por la aparici\u00f3n de sus hijos y contra el terrorismo de estado, las rondas fueron s\u00f3lo el modo que ellas encontraron para seguir all\u00ed, circulando y denunciando las desapariciones y violaciones a los derechos humanos de la dictadura c\u00edvico-militar.<\/p>\n<p>La incansable lucha de cuatro d\u00e9cadas, encontr\u00f3 a las Madres adaptando sus luchas a los contextos de la pandemia y la cuarentena, as\u00ed como la sociedad y sus organizaciones se ajustaron al \u00e1mbito virtual el 24 de marzo \u00faltimo para no dejar pasar la fecha, la celebraci\u00f3n de la lucha de \u201clas locas\u201d de Plaza de Mayo, como se las vituper\u00f3 entonces, tambi\u00e9n se dar\u00e1 en el marco de la virtualidad. \u201cEste 2020, la pandemia obliga a las Madres a resignar la posibilidad de realizar la ronda el jueves en la Plaza y conmemorar su fecha fundacional\u201d por eso \u201cse realizar\u00e1n dos actividades interactivas: un recorrido guiado sonoro por la historia de las Madres, en formato podcast, y una convocatoria p\u00fablica a enviar un \u2018abrazo\u2019 a trav\u00e9s de distintas expresiones art\u00edsticas al hashtag #MemoriaEnCasa&#8221;, explicaron desde el Espacio Memoria.<\/p>\n<p>Bajo la consigna \u201ca 43 a\u00f1os de la fundaci\u00f3n de Madres de Plaza de Mayo, el pueblo las abraza\u201d, los gu\u00edas de la entidad que preserva la memoria invitan \u201ca una visita especial sonora que recorre la historia de las mujeres que desde 1977 sostienen una lucha inquebrantable por la recuperaci\u00f3n de la memoria de sus hijos, el derecho a la verdad sobre su destino y la justicia para los responsables de sus secuestros y desapariciones\u201d, explicaron desde ese espacio.<\/p>\n<p>\u201cA trav\u00e9s de estos podcasts se intentar\u00e1 reconstruir los sonidos, las experiencias auditivas, que fueron claves para la reconstrucci\u00f3n de lo ocurrido en los centros clandestinos de detenci\u00f3n durante la dictadura c\u00edvico-militar. Con este homenaje lanzamos \u201cPara que la voz no se calle nunca\u201d, se trata de la secci\u00f3n de archivos de audio (podcast) del Espacio Memoria, inspirada en el poema de Ana Mar\u00eda Ponce, que fue escrito, cuentan los organizadores, durante su cautiverio en la ex ESMA. Ponce fue vista viva por \u00faltima vez en febrero de 1978. La difusi\u00f3n se realizar\u00e1 mediante las cuentas de IGtv y Youtube del Espacio Memoria, y en un especial de la p\u00e1gina web www.espaciomemoria.ar\/podcasts.<\/p>\n<p>Para que la voz no se calle nunca,<\/p>\n<p>Para que las manos no se entumezcan,<\/p>\n<p>Para que los ojos vean siempre la luz,<\/p>\n<p>Necesito sentarme a escribir<\/p>\n<p>En este preciso momento en que<\/p>\n<p>Todo comienza a ser silencio\u2026<\/p>\n<p>El canal Encuentro iniciar\u00e1 a partir de las 20 hs. la proyecci\u00f3n del primer cap\u00edtulo de la serie documental Los caminos de la plaza (1975-1977), sobre la historia de las Madres. El cap\u00edtulo inicial repasar\u00e1 la primera vez que llegaron a la Plaza de Mayo, un s\u00e1bado a la tarde, a fines de abril de 1977, cuando todav\u00eda hac\u00eda calor y las calles estaban libres de oficinistas y a\u00fan no se conoc\u00eda la palabra desaparecido. En este documental, las mismas Madres narran su historia, con fuerza y emoci\u00f3n, \u201cdesde sus inicios hasta el presente: el golpe de Estado, las desapariciones, las denuncias, las primeras marchas, la guerra de Malvinas, la vuelta de la democracia y la reivindicaci\u00f3n de la lucha de sus hijos y de los organismos de derechos humanos durante la \u00faltima d\u00e9cada son algunos de los temas que recorren\u201d, relataron en Canal Encuentro.<\/p>\n<p>Por su parte desde la organizaci\u00f3n HIJOS Capital convocaron a compartir en las redes fotos y dibujos de los usuarios con las Madres o en actividades convocadas por ellas. Ya en las redes se pueden ver las muestras con el hashtag #43A\u00f1osDeMadres<\/p>\n","protected":false},"excerpt":{"rendered":"<p>En medio de la cuarentena, varias organizaciones organizan acciones desde redes sociales para recordar 43 a\u00f1os de lucha de las Madres de la democracia &nbsp; &nbsp; No sab\u00edan que hac\u00edan historia, no sab\u00edan que comenzaban un camino que dar\u00eda forma a las generaciones futuras de Argentina ni a la democracia de ese estado que, en aquel momento, era responsable de la desaparici\u00f3n de sus hijos. Hace 43 a\u00f1os, las Madres de Plaza de Mayo salieron por primera vez a manifestarse p\u00fablicamente por la aparici\u00f3n de sus hijos y contra el&#8230;<\/p>\n","protected":false},"author":3,"featured_media":60905,"comment_status":"closed","ping_status":"closed","sticky":false,"template":"","format":"standard","meta":[],"categories":[4],"tags":[],"_links":{"self":[{"href":"https:\/\/www.actualidadadiario.com\/index.php\/wp-json\/wp\/v2\/posts\/60904"}],"collection":[{"href":"https:\/\/www.actualidadadiario.com\/index.php\/wp-json\/wp\/v2\/posts"}],"about":[{"href":"https:\/\/www.actualidadadiario.com\/index.php\/wp-json\/wp\/v2\/types\/post"}],"author":[{"embeddable":true,"href":"https:\/\/www.actualidadadiario.com\/index.php\/wp-json\/wp\/v2\/users\/3"}],"replies":[{"embeddable":true,"href":"https:\/\/www.actualidadadiario.com\/index.php\/wp-json\/wp\/v2\/comments?post=60904"}],"version-history":[{"count":1,"href":"https:\/\/www.actualidadadiario.com\/index.php\/wp-json\/wp\/v2\/posts\/60904\/revisions"}],"predecessor-version":[{"id":60906,"href":"https:\/\/www.actualidadadiario.com\/index.php\/wp-json\/wp\/v2\/posts\/60904\/revisions\/60906"}],"wp:featuredmedia":[{"embeddable":true,"href":"https:\/\/www.actualidadadiario.com\/index.php\/wp-json\/wp\/v2\/media\/60905"}],"wp:attachment":[{"href":"https:\/\/www.actualidadadiario.com\/index.php\/wp-json\/wp\/v2\/media?parent=60904"}],"wp:term":[{"taxonomy":"category","embeddable":true,"href":"https:\/\/www.actualidadadiario.com\/index.php\/wp-json\/wp\/v2\/categories?post=60904"},{"taxonomy":"post_tag","embeddable":true,"href":"https:\/\/www.actualidadadiario.com\/index.php\/wp-json\/wp\/v2\/tags?post=60904"}],"curies":[{"name":"wp","href":"https:\/\/api.w.org\/{rel}","templated":true}]}}