{"id":60890,"date":"2020-04-30T12:48:09","date_gmt":"2020-04-30T15:48:09","guid":{"rendered":"https:\/\/www.actualidadadiario.com\/?p=60890"},"modified":"2020-04-30T12:48:09","modified_gmt":"2020-04-30T15:48:09","slug":"la-corte-suprema-recorta-poder-a-bolsonaro-y-evita-la-asuncion-de-un-jefe-policial-amigo","status":"publish","type":"post","link":"https:\/\/www.actualidadadiario.com\/index.php\/2020\/04\/30\/la-corte-suprema-recorta-poder-a-bolsonaro-y-evita-la-asuncion-de-un-jefe-policial-amigo\/","title":{"rendered":"La Corte Suprema recorta poder a Bolsonaro y evita la asunci\u00f3n de un jefe policial amigo"},"content":{"rendered":"<p style=\"text-align: center;\"><em><strong>El presidente retir\u00f3 el decreto para nombrar al comisario Alexandre Ramagem jefe de la Agencia Brasile\u00f1a de Inteligencia, luego de que el juez del Supremo Tribunal Federal frenara la designaci\u00f3n por posible \u201cdesv\u00edo de poder\u201d y manipulaci\u00f3n de la Polic\u00eda Federal<\/strong><\/em><\/p>\n<p>&nbsp;<\/p>\n<p>&nbsp;<\/p>\n<p>El presidente de Brasil, Jair Bolsonaro, sufri\u00f3 este mi\u00e9rcoles un duro rev\u00e9s legal luego de que un juez de la corte suprema suspendiera la designaci\u00f3n del comisario y jefe de los servicios de inteligencia, Alexandre Ramagem, como director de la Polic\u00eda Federal, por la sospecha de que podr\u00eda interferir investigaciones a favor de la familia del jefe del Estado.<\/p>\n<p>El hecho se da en medio de un esc\u00e1ndalo por las responsabilidades pol\u00edticas de la pandemia de coronavirus. Mientras gobernadores y alcaldes de las zonas m\u00e1s golpeadas acusan al mandatario de no ayudar, el presidente, un negacionista que rechaza las recomendaciones cient\u00edficas, los se\u00f1al\u00f3 a ellos como los responsables de las muertes y la crisis econ\u00f3mica. Brasil registra 74.493 contagios y 5.158 muertes.<\/p>\n<p>El presidente retir\u00f3 el decreto para nombrar al comisario Ramagem, jefe de la Agencia Brasile\u00f1a de Inteligencia (Abin) y su jefe de seguridad desde que asumi\u00f3, luego que el juez del Supremo Tribunal Federal Alexandre de Moraes frenara la designaci\u00f3n por posible \u201cdesv\u00edo de poder\u201d y manipulaci\u00f3n de la Polic\u00eda Federal.<\/p>\n<p>Ramagem hab\u00eda sido designado en reemplazo de Mauricio Valeixo, cuya salida provoc\u00f3 el viernes la escandalosa renuncia del ministro de Justicia S\u00e9rgio Moro, quien abandon\u00f3 el gobierno acusando al presidente de querer manipular a la Polic\u00eda Federal para intervenir algunas de sus investigaciones.<\/p>\n<p>\u201cFue una decisi\u00f3n monocr\u00e1tica de un juez de la corte, espero que brevemente se concrete esta designaci\u00f3n. Nuestra polic\u00eda no persigue a nadie, apenas a los delincuentes\u201d, dijo Bolsonaro durante la asunci\u00f3n del reemplazante de Moro, el ahora ex abogado general del gobierno Andr\u00e9 Mendon\u00e7a.<\/p>\n<p>Mendon\u00e7a es un jurista de carrera en el Estado y pastor evang\u00e9lico, condici\u00f3n que lo podr\u00eda ayudar a ser el pr\u00f3ximo candidato del oficialismo a la corte suprema.<\/p>\n<p>Hoy, el flamante ministro describi\u00f3 a Bolsonaro como un \u201cprofeta\u201d en el combate al delito \u201cdesde hace 15 a\u00f1os\u201d.<\/p>\n<p>Pese a las quejas presidenciales, el Supremo Tribunal Federal demostr\u00f3 hoy los l\u00edmites que a\u00fan tiene Bolsonaro en medio de la pandemia.<\/p>\n<p>Una situaci\u00f3n similar se dio en marzo de 2016, cuando el juez de la corte Gilmar Mendes, en base a audios del entonces juez Moro, prohibi\u00f3 asumir como jefe de gabiente de Dilma Rousseff al ex presidente Luiz In\u00e1cio Lula da Silva.<\/p>\n<p>En ese entonces, el caso se basaba en audios ilegalmente filtrados por Moro a la TV Globo, pero ahora es el propio Moro el \u2018delator\u2019 que acusa a Bolsonaro, su antiguo jefe pol\u00edtico, de querer manipular las investigaciones de la Polic\u00eda Federal.<\/p>\n<p>El recurso judicial para frenar la asunci\u00f3n del comisario Ramagem, un amigo personal de Carlos Bolsonaro, hijo del presidente, hab\u00eda sido presentada por el Partido Democr\u00e1tico Laborista (PDT), del ex candidato presidencial Ciro Gomes.<\/p>\n<p>El juez Moraes, quien lleg\u00f3 a la corte de la mano del ex presidente Michel Temer y tras haber sido afiliado al Partido de la Social Democracia Brasile\u00f1a del gobernador paulista, Joao Doria, sostuvo que pudo haber ocurrido &#8220;desv\u00edo de finalidad&#8221; con la designaci\u00f3n de Ramagem al frente de la Polic\u00eda Federal.<\/p>\n<p>Puso como ejemplo la declaraci\u00f3n de Moro de que Bolsonaro quer\u00eda tener acceso directo a expedientes de investigaciones pedidas por la justicia a la Polic\u00eda Federal.<\/p>\n<p>Bolsonaro est\u00e1 bajo investigaci\u00f3n de la corte por las acusaciones hechas por Moro por delitos de obstrucci\u00f3n a la justicia y tiene casi 30 pedidos de juicio pol\u00edtico en el Congreso.<\/p>\n<p>Sus detractores necesitan dos tercios de los votos en el congreso para sacarlo del cargo, algo que actualmente est\u00e1 lejos de ocurrir.<\/p>\n<p>&nbsp;<\/p>\n<p><strong>Otro frente interno<\/strong><\/p>\n<p>En medio de ese caos pol\u00edtico, Bolsonaro insisti\u00f3 hoy en negar cualquier responsabilidad sobre las consecuencias de la pandemia y acus\u00f3 a los gobernadores e intendentes de ser los responsables por las muertes por coronavirus y la crisis econ\u00f3mica, ya que ellos instalaron las medidas de cuarentenas y distanciamiento social.<\/p>\n<p>&#8220;Las medidas restrictivas fueron obra de gobernadores e intendentes. La prensa tiene que preguntarle al gobernador de San Pablo, Joao Doria, y al intendente de San Pablo, Bruno Covas, por ejemplo, por qu\u00e9 hay m\u00e1s gente muriendo en su estado&#8221;, dijo el presidente.<\/p>\n<p>Bolsonaro los se\u00f1al\u00f3 luego de reunirse con diputados en el Palacio de la Alvorada y de acusar a la prensa de haber dado demasiada relevancia a su declaraci\u00f3n de anoche sobre las masivas muertes en el pa\u00eds: &#8220;\u00bfY a m\u00ed, qu\u00e9? Lo lamento. \u00bfQu\u00e9 quieren que haga? Soy Messias, pero no hago milagros&#8221;.<\/p>\n<p>El presidente, cuyo segundo nombre efectivamente es Messias, dijo eso cuando le preguntaron por los m\u00e1s de 5.000 muertos registrados por el nuevo coronavirus en Brasil, una cifra que super\u00f3 a los fallecidos reportados por China y ubica al pa\u00eds como el m\u00e1s golpeado de Am\u00e9rica Latina.<\/p>\n<p>El 41% de los decesos se registra en el estado de San Pablo, el m\u00e1s populoso con 46 millones de habitantes.<\/p>\n<p>Bolsonaro, adem\u00e1s, dijo que no deben acusarlo a \u00e9l de las consecuencias econ\u00f3micas de la crisis sanitaria.<\/p>\n<p>\u201dQue no venga la prensa ahora a poner cosas en mi cuenta&#8221;, subray\u00f3 al lado de 18 parlamentarios de su ex fuerza pol\u00edtica, el Partido Social Liberal, que siguen siendo aliados y son claves para bloquear un posible pedido de juicio pol\u00edtico que abra el Congreso.<\/p>\n<p>Sin embargo, el ex presidente Luiz In\u00e1cio Lula da Silva y el gobernador paulista Doria, del PSDB y presidencial para 2022, fustigaron a Bolsonaro.<\/p>\n<p>El ex presidente sostuvo que Bolsonaro \u201ctiene motivos para ser destituido en un juicio pol\u00edtico\u201d y lo acus\u00f3 de no respetar a las v\u00edctimas.<\/p>\n<p>Doria, en tanto, pidi\u00f3 al jefe del Estado abandonar \u201cla burbuja en la que vive\u201d y viajar a San Pablo para visitar a los enfermos o a la amaz\u00f3nica Manaos para ver de cerca el colapso del sistema sanitario y la crisis funeraria.<\/p>\n","protected":false},"excerpt":{"rendered":"<p>El presidente retir\u00f3 el decreto para nombrar al comisario Alexandre Ramagem jefe de la Agencia Brasile\u00f1a de Inteligencia, luego de que el juez del Supremo Tribunal Federal frenara la designaci\u00f3n por posible \u201cdesv\u00edo de poder\u201d y manipulaci\u00f3n de la Polic\u00eda Federal &nbsp; &nbsp; El presidente de Brasil, Jair Bolsonaro, sufri\u00f3 este mi\u00e9rcoles un duro rev\u00e9s legal luego de que un juez de la corte suprema suspendiera la designaci\u00f3n del comisario y jefe de los servicios de inteligencia, Alexandre Ramagem, como director de la Polic\u00eda Federal, por la sospecha de que&#8230;<\/p>\n","protected":false},"author":3,"featured_media":50530,"comment_status":"closed","ping_status":"closed","sticky":false,"template":"","format":"standard","meta":[],"categories":[4],"tags":[],"_links":{"self":[{"href":"https:\/\/www.actualidadadiario.com\/index.php\/wp-json\/wp\/v2\/posts\/60890"}],"collection":[{"href":"https:\/\/www.actualidadadiario.com\/index.php\/wp-json\/wp\/v2\/posts"}],"about":[{"href":"https:\/\/www.actualidadadiario.com\/index.php\/wp-json\/wp\/v2\/types\/post"}],"author":[{"embeddable":true,"href":"https:\/\/www.actualidadadiario.com\/index.php\/wp-json\/wp\/v2\/users\/3"}],"replies":[{"embeddable":true,"href":"https:\/\/www.actualidadadiario.com\/index.php\/wp-json\/wp\/v2\/comments?post=60890"}],"version-history":[{"count":1,"href":"https:\/\/www.actualidadadiario.com\/index.php\/wp-json\/wp\/v2\/posts\/60890\/revisions"}],"predecessor-version":[{"id":60891,"href":"https:\/\/www.actualidadadiario.com\/index.php\/wp-json\/wp\/v2\/posts\/60890\/revisions\/60891"}],"wp:featuredmedia":[{"embeddable":true,"href":"https:\/\/www.actualidadadiario.com\/index.php\/wp-json\/wp\/v2\/media\/50530"}],"wp:attachment":[{"href":"https:\/\/www.actualidadadiario.com\/index.php\/wp-json\/wp\/v2\/media?parent=60890"}],"wp:term":[{"taxonomy":"category","embeddable":true,"href":"https:\/\/www.actualidadadiario.com\/index.php\/wp-json\/wp\/v2\/categories?post=60890"},{"taxonomy":"post_tag","embeddable":true,"href":"https:\/\/www.actualidadadiario.com\/index.php\/wp-json\/wp\/v2\/tags?post=60890"}],"curies":[{"name":"wp","href":"https:\/\/api.w.org\/{rel}","templated":true}]}}