{"id":60887,"date":"2020-04-30T12:47:17","date_gmt":"2020-04-30T15:47:17","guid":{"rendered":"https:\/\/www.actualidadadiario.com\/?p=60887"},"modified":"2020-04-30T12:47:17","modified_gmt":"2020-04-30T15:47:17","slug":"alberto-inaugura-hospital-exclusivo-para-pacientes-con-coronavirus","status":"publish","type":"post","link":"https:\/\/www.actualidadadiario.com\/index.php\/2020\/04\/30\/alberto-inaugura-hospital-exclusivo-para-pacientes-con-coronavirus\/","title":{"rendered":"Alberto inaugura hospital exclusivo para pacientes con coronavirus"},"content":{"rendered":"<p style=\"text-align: center;\"><em><strong>Adem\u00e1s, el Presidente tambi\u00e9n podr\u00eda llegar a visitar el municipio bonaerense de Ca\u00f1uelas, donde tendr\u00eda previsto inaugurar una nueva ala del hospital de Cuenca Alta &#8220;N\u00e9stor Kirchner&#8221;<\/strong><\/em><\/p>\n<p>&nbsp;<\/p>\n<p>&nbsp;<\/p>\n<p>El presidente Alberto Fern\u00e1ndez inaugurar\u00e1 hoy un hospital &#8220;exclusivo para pacientes con coronavirus&#8221; en el partido bonaerense de Esteban Echeverr\u00eda, cuyas instalaciones comenzar\u00e1n a funcionar el pr\u00f3ximo viernes.<\/p>\n<p>Se trata de &#8220;la puesta en marcha&#8221; del Hospital del Bicentenario de Esteban Echeverr\u00eda, ubicado en la localidad de Monte Grande.<\/p>\n<p>La inauguraci\u00f3n, que est\u00e1 prevista para el mediod\u00eda sin prensa, contar\u00e1 con la participaci\u00f3n del jefe de Estado y autoridades locales.<\/p>\n","protected":false},"excerpt":{"rendered":"<p>Adem\u00e1s, el Presidente tambi\u00e9n podr\u00eda llegar a visitar el municipio bonaerense de Ca\u00f1uelas, donde tendr\u00eda previsto inaugurar una nueva ala del hospital de Cuenca Alta &#8220;N\u00e9stor Kirchner&#8221; &nbsp; &nbsp; El presidente Alberto Fern\u00e1ndez inaugurar\u00e1 hoy un hospital &#8220;exclusivo para pacientes con coronavirus&#8221; en el partido bonaerense de Esteban Echeverr\u00eda, cuyas instalaciones comenzar\u00e1n a funcionar el pr\u00f3ximo viernes. Se trata de &#8220;la puesta en marcha&#8221; del Hospital del Bicentenario de Esteban Echeverr\u00eda, ubicado en la localidad de Monte Grande. La inauguraci\u00f3n, que est\u00e1 prevista para el mediod\u00eda sin prensa, contar\u00e1 con&#8230;<\/p>\n","protected":false},"author":3,"featured_media":60888,"comment_status":"closed","ping_status":"closed","sticky":false,"template":"","format":"standard","meta":[],"categories":[18],"tags":[],"_links":{"self":[{"href":"https:\/\/www.actualidadadiario.com\/index.php\/wp-json\/wp\/v2\/posts\/60887"}],"collection":[{"href":"https:\/\/www.actualidadadiario.com\/index.php\/wp-json\/wp\/v2\/posts"}],"about":[{"href":"https:\/\/www.actualidadadiario.com\/index.php\/wp-json\/wp\/v2\/types\/post"}],"author":[{"embeddable":true,"href":"https:\/\/www.actualidadadiario.com\/index.php\/wp-json\/wp\/v2\/users\/3"}],"replies":[{"embeddable":true,"href":"https:\/\/www.actualidadadiario.com\/index.php\/wp-json\/wp\/v2\/comments?post=60887"}],"version-history":[{"count":1,"href":"https:\/\/www.actualidadadiario.com\/index.php\/wp-json\/wp\/v2\/posts\/60887\/revisions"}],"predecessor-version":[{"id":60889,"href":"https:\/\/www.actualidadadiario.com\/index.php\/wp-json\/wp\/v2\/posts\/60887\/revisions\/60889"}],"wp:featuredmedia":[{"embeddable":true,"href":"https:\/\/www.actualidadadiario.com\/index.php\/wp-json\/wp\/v2\/media\/60888"}],"wp:attachment":[{"href":"https:\/\/www.actualidadadiario.com\/index.php\/wp-json\/wp\/v2\/media?parent=60887"}],"wp:term":[{"taxonomy":"category","embeddable":true,"href":"https:\/\/www.actualidadadiario.com\/index.php\/wp-json\/wp\/v2\/categories?post=60887"},{"taxonomy":"post_tag","embeddable":true,"href":"https:\/\/www.actualidadadiario.com\/index.php\/wp-json\/wp\/v2\/tags?post=60887"}],"curies":[{"name":"wp","href":"https:\/\/api.w.org\/{rel}","templated":true}]}}