{"id":60884,"date":"2020-04-30T12:46:35","date_gmt":"2020-04-30T15:46:35","guid":{"rendered":"https:\/\/www.actualidadadiario.com\/?p=60884"},"modified":"2020-04-30T12:46:35","modified_gmt":"2020-04-30T15:46:35","slug":"losardo-no-existe-un-plan-de-liberacion-generalizada-de-presos","status":"publish","type":"post","link":"https:\/\/www.actualidadadiario.com\/index.php\/2020\/04\/30\/losardo-no-existe-un-plan-de-liberacion-generalizada-de-presos\/","title":{"rendered":"Losardo: &#8220;No existe un plan de liberaci\u00f3n generalizada de presos&#8221;"},"content":{"rendered":"<p style=\"text-align: center;\"><em><strong>La ministra de Justicia remarc\u00f3 que \u201ces el Poder Judicial quien toma la decisi\u00f3n\u201d de otorgar prisiones domiciliarias<\/strong><\/em><\/p>\n<p>&nbsp;<\/p>\n<p>&nbsp;<\/p>\n<p>La ministra de Justicia, Marcela Losardo, asegur\u00f3 hoy que \u201cno existe un plan de liberaci\u00f3n generalizada de presos\u201d por parte del Gobierno nacional en el marco de la pandemia por coronavirus y remarc\u00f3 que \u201ces el Poder Judicial quien toma la decisi\u00f3n\u201d de otorgar prisiones domiciliarias, al tiempo que asever\u00f3 que &#8220;nadie est\u00e1 de acuerdo con sacar a violadores o asesinos&#8221; a la calle.<\/p>\n<p>Ante el debate por las prisiones domiciliarias en el contexto de la pandemia por Covid-19, Losardo reafirm\u00f3 que &#8220;el Poder Judicial es quien toma la decisi\u00f3n de detener gente, enviarla a un centro de detenci\u00f3n o excarcelarla&#8221; y aclar\u00f3 que &#8220;no es un tema del Ministerio de Justicia&#8221;.<\/p>\n<p>En declaraciones a radio Mitre, la funcionaria subray\u00f3: \u201cLa posici\u00f3n del Gobierno la defini\u00f3 ayer el Presidente; no existe un plan de liberaci\u00f3n generalizada ni dirigida a un caso particular\u201d.<\/p>\n<p>&#8220;Nadie est\u00e1 de acuerdo con sacar a violadores o asesinos&#8221;, agreg\u00f3 la titular de la cartera de Justicia y asegur\u00f3 que, desde el Poder Ejecutivo, &#8220;no se van a disponer indultos, ni amnist\u00edas, ni conmutaci\u00f3n de penas&#8221;.<\/p>\n<p>Luego, en declaraciones a Radio 10, Losardo insisti\u00f3: \u201cEs el Poder Judicial el que define si hay personas detenidas que corren riesgo de contagio y por eso deben continuar cumpliendo su condena en un domicilio con una tobillera electr\u00f3nica\u201d.<\/p>\n<p>Ante los planteos de distintos sectores sobre la falta de esos insumos de control, la ministra asever\u00f3 que \u201chay tobilleras electr\u00f3nicas y dispositivos de control\u201d.<\/p>\n<p>Respecto al rol del Ministerio de Justicia de la Naci\u00f3n, se\u00f1al\u00f3 que \u201clo \u00fanico que se hizo desde el Gobierno es, a pedido de la Justicia, enviar un informe sobre la situaci\u00f3n de aquellos que se encuentran detenidos en una situaci\u00f3n de riesgo por el Covid-19, seg\u00fan los criterios de la Organizaci\u00f3n Mundial de la Salud y el Ministerio de Salud\u201d.<\/p>\n<p>En ese sentido, detall\u00f3 que, en el informe, se incluy\u00f3 a \u201cgente que est\u00e1 hace tres a\u00f1os y est\u00e1 por cumplir su condena, a mujeres embarazadas, a personas enfermas con un alto riesgo en relaci\u00f3n con el coronavirus\u201d aunque aclar\u00f3 que \u201ces cada juez el que define la situaci\u00f3n de cada detenido\u201d.<\/p>\n<p>En cifras, Losardo sostuvo que \u201cse ha generado una situaci\u00f3n que no es la real por un temor fundado o por falta de conocimiento\u201d porque de un total de 12.579 detenidos en el sistema federal de todo el pa\u00eds, &#8220;salieron 320 con prisi\u00f3n domiciliaria y lo determin\u00f3 el Poder Judicial\u201d.<\/p>\n<p>Sobre el pedido de prisi\u00f3n domiciliaria para el ex secretario de Transporte Ricardo Jaime realizado por la Secretar\u00eda de Derechos Humanos, Losardo se\u00f1al\u00f3 que el responsable de esa \u00e1rea, Horacio Pietragalla, \u201ctiene autonom\u00eda para presentarse como \u2018amicus curie\u2019 en la Justicia cuando considera que hay una violaci\u00f3n\u201d de derechos de la persona.<\/p>\n<p>\u201cEn este caso, fue solicitado por la familia de esa persona y la Secretar\u00eda no necesita autorizaci\u00f3n ni del Presidente ni del Ministerio de Justicia para realizar la presentaci\u00f3n\u201d, explic\u00f3.<\/p>\n<p>Losardo tambi\u00e9n remarc\u00f3 que, al igual que en el caso de la prisi\u00f3n domiciliaria, \u201cesto lo decide la Justicia\u201d y, adem\u00e1s, record\u00f3 que la solicitud realizada en el caso de Jaime \u201cfue rechazada\u201d por el Poder Judicial.<\/p>\n<p>En ambas entrevistas radiales, la ministra aclar\u00f3 que, desde el Poder Ejecutivo, \u201cno podemos decirles al Poder Judicial lo que deben hacer; solo le damos la informaci\u00f3n que requieren; desde el Gobierno nadie puede definir liberar presos\u201d.<\/p>\n<p>Ayer, en su cuenta de Twitter, el presidente Alberto Fern\u00e1ndez asegur\u00f3 que, &#8220;en la Argentina, la soluci\u00f3n del problema est\u00e1 en manos de los tribunales&#8221; y agreg\u00f3: &#8220;Son los jueces naturales quienes, de considerarlo necesario, disponen libertades&#8221;.<\/p>\n","protected":false},"excerpt":{"rendered":"<p>La ministra de Justicia remarc\u00f3 que \u201ces el Poder Judicial quien toma la decisi\u00f3n\u201d de otorgar prisiones domiciliarias &nbsp; &nbsp; La ministra de Justicia, Marcela Losardo, asegur\u00f3 hoy que \u201cno existe un plan de liberaci\u00f3n generalizada de presos\u201d por parte del Gobierno nacional en el marco de la pandemia por coronavirus y remarc\u00f3 que \u201ces el Poder Judicial quien toma la decisi\u00f3n\u201d de otorgar prisiones domiciliarias, al tiempo que asever\u00f3 que &#8220;nadie est\u00e1 de acuerdo con sacar a violadores o asesinos&#8221; a la calle. Ante el debate por las prisiones&#8230;<\/p>\n","protected":false},"author":3,"featured_media":60885,"comment_status":"closed","ping_status":"closed","sticky":false,"template":"","format":"standard","meta":[],"categories":[18],"tags":[],"_links":{"self":[{"href":"https:\/\/www.actualidadadiario.com\/index.php\/wp-json\/wp\/v2\/posts\/60884"}],"collection":[{"href":"https:\/\/www.actualidadadiario.com\/index.php\/wp-json\/wp\/v2\/posts"}],"about":[{"href":"https:\/\/www.actualidadadiario.com\/index.php\/wp-json\/wp\/v2\/types\/post"}],"author":[{"embeddable":true,"href":"https:\/\/www.actualidadadiario.com\/index.php\/wp-json\/wp\/v2\/users\/3"}],"replies":[{"embeddable":true,"href":"https:\/\/www.actualidadadiario.com\/index.php\/wp-json\/wp\/v2\/comments?post=60884"}],"version-history":[{"count":1,"href":"https:\/\/www.actualidadadiario.com\/index.php\/wp-json\/wp\/v2\/posts\/60884\/revisions"}],"predecessor-version":[{"id":60886,"href":"https:\/\/www.actualidadadiario.com\/index.php\/wp-json\/wp\/v2\/posts\/60884\/revisions\/60886"}],"wp:featuredmedia":[{"embeddable":true,"href":"https:\/\/www.actualidadadiario.com\/index.php\/wp-json\/wp\/v2\/media\/60885"}],"wp:attachment":[{"href":"https:\/\/www.actualidadadiario.com\/index.php\/wp-json\/wp\/v2\/media?parent=60884"}],"wp:term":[{"taxonomy":"category","embeddable":true,"href":"https:\/\/www.actualidadadiario.com\/index.php\/wp-json\/wp\/v2\/categories?post=60884"},{"taxonomy":"post_tag","embeddable":true,"href":"https:\/\/www.actualidadadiario.com\/index.php\/wp-json\/wp\/v2\/tags?post=60884"}],"curies":[{"name":"wp","href":"https:\/\/api.w.org\/{rel}","templated":true}]}}