{"id":60882,"date":"2020-04-30T12:45:47","date_gmt":"2020-04-30T15:45:47","guid":{"rendered":"https:\/\/www.actualidadadiario.com\/?p=60882"},"modified":"2020-04-30T12:45:47","modified_gmt":"2020-04-30T15:45:47","slug":"diputados-define-fecha-y-temario-de-la-sesion-virtual","status":"publish","type":"post","link":"https:\/\/www.actualidadadiario.com\/index.php\/2020\/04\/30\/diputados-define-fecha-y-temario-de-la-sesion-virtual\/","title":{"rendered":"Diputados define fecha y temario de la sesi\u00f3n virtual"},"content":{"rendered":"<p style=\"text-align: center;\"><em><strong>Todo est\u00e1 listo para sesionar en forma virtual en la C\u00e1mara de Diputados. El trabajoso acuerdo pol\u00edtico al que arribaron todas las bancadas deber\u00e1 ser refrendado este jueves en Labor Parlamentaria. Ah\u00ed, adem\u00e1s, se discutir\u00e1 y se fijar\u00e1 el temario y la fecha para sesionar la semana pr\u00f3xima. Tambi\u00e9n quedar\u00e1 establecido el n\u00famero m\u00e1ximo de legisladores que podr\u00e1n estar presentes en el recinto<\/strong><\/em><\/p>\n<p>&nbsp;<\/p>\n<p>&nbsp;<\/p>\n<p>El oficialismo cumpli\u00f3 con las formalidades previas que reclam\u00f3 la oposici\u00f3n. Este mi\u00e9rcoles la comisi\u00f3n de Modernizaci\u00f3n Parlamentaria aprob\u00f3 por unanimidad el protocolo para que comisiones y el pleno del cuerpo legislativo sesionen en forma remota. Unas horas m\u00e1s tarde la comisi\u00f3n de Peticiones, Poderes y Reglamento tambi\u00e9n aval\u00f3 el protocolo y lo incorpor\u00f3 al reglamento de la C\u00e1mara baja en forma \u201ctemporaria\u201d con la aceptaci\u00f3n de un sistema mixto (con autoridades presentes en el recinto y el resto de los diputados en forma telem\u00e1tica) para sesionar. La nueva modalidad requiere tambi\u00e9n el acuerdo del pleno. Por eso, el primer paso de la experiencia virtual ser\u00e1 la aprobaci\u00f3n, por dos tercios de los conectados, del protocolo.<\/p>\n<p>Al final de la jornada, oficialistas y opositores compart\u00edan un dejo de satisfacci\u00f3n pol\u00edtica por los acuerdos alcanzados en las distintas comisiones legislativas. La primera fase para sesionar la semana pr\u00f3xima ya est\u00e1 saldada.<\/p>\n<p>La comisi\u00f3n de Modernizaci\u00f3n transit\u00f3 el camino del acuerdo pol\u00edtico que pactaron los jefes de bloque. Unific\u00f3 once iniciativas de distintas bancadas, su titular Daniela Vilar (FdT) abri\u00f3 todos los canales posibles de di\u00e1logo \u2013correspondidos desde JpC&#8211;, y tom\u00f3 los recaudos para no toparse con las atribuciones que le correspond\u00eda a la comisi\u00f3n de Peticiones, Poderes y Reglamento para modificar la reglamentaci\u00f3n interna de la C\u00e1mara.<\/p>\n<p>En una extensa reuni\u00f3n virtual, con varios cuartos intermedios contrarreloj, se logr\u00f3 el objetivo: el respaldo un\u00e1nime de la comisi\u00f3n al protocolo para que la C\u00e1mara sesione de manera virtual.<\/p>\n<p>El dispositivo ser\u00e1 a trav\u00e9s de VPN (red privada virtual), con el usuario y la contrase\u00f1a de cada legislador, un chequeo biom\u00e9trico con ReNaPer y el acceso con clave a la videoconferencia. Los convenios firmados con Arsat y ReNaPer aportar\u00e1n las garant\u00edas de seguridad y tecnol\u00f3gicas. Habr\u00e1 una pantalla virtual para corroborar y certificar \u2013junto a los elementos tecnol\u00f3gicos\u2014 qu\u00f3rum y votaciones.<\/p>\n<p>El protocolo incluye la modalidad de sesiones \u201cmixtas\u201d y aclara que se utilizar\u00e1 este sistema telem\u00e1tico mientras dure el aislamiento obligatorio por la pandemia de la covid-19. Tambi\u00e9n establece que podr\u00e1 ser prorrogado por 30 d\u00edas m\u00e1s si se acuerda por consenso en Labor Parlamentaria.<\/p>\n<p>\u201cLa idea del consenso posible no da una acaba idea del acuerdo alcanzado en la comisi\u00f3n de Modernizaci\u00f3n. Hubo m\u00e1s di\u00e1logo y persuasi\u00f3n que imposici\u00f3n y negociaci\u00f3n\u201d, grafic\u00f3 el diputado santafesino Germ\u00e1n Mart\u00ednez (FdT) ante la comisi\u00f3n de Peticiones. Y remarc\u00f3 que la gu\u00eda sigue siendo el acuerdo pol\u00edtico alcanzado en Labor Parlamentaria.<\/p>\n<p>La reuni\u00f3n presencial de Peticiones se fue prorrogando hasta que estuviera listo el Protocolo. Vilar, Silvia Lospenatto (JpC) y el secretario general de la C\u00e1mara, Juan Carlos Cheppi, expusieron y despejaron dudas sobre el alcance y la seguridad del protocolo.<\/p>\n<p>La entrerriana Mayda Cresto (FdT), que preside la comisi\u00f3n abri\u00f3 el debate en la Sala del anexo C de la C\u00e1mara \u2013la m\u00e1s amplia que dispone Diputados\u2014 para que sus 31 integrantes, distanciados y con barbijos de todo tipo y dise\u00f1o, tomar\u00e1n la palabra. Con distintas tonalidades y algunos contrapuntos que no pasaron a mayores, el respaldo al protocolo de funcionamiento remoto tambi\u00e9n fue un\u00e1nime. \u201cHemos dado un gran paso y hemos estado a la altura de las circunstancias\u201d, celebr\u00f3 Cresto.<\/p>\n<p>La decisi\u00f3n despej\u00f3 el camino para que la C\u00e1mara baja sesione de manera remota o mixta, est\u00e1 \u00faltima es que la finalmente se pact\u00f3 entre los jefes de bloque. Todo lo dem\u00e1s depender\u00e1 de los caminos por los que transite el acuerdo pol\u00edtico.<\/p>\n","protected":false},"excerpt":{"rendered":"<p>Todo est\u00e1 listo para sesionar en forma virtual en la C\u00e1mara de Diputados. El trabajoso acuerdo pol\u00edtico al que arribaron todas las bancadas deber\u00e1 ser refrendado este jueves en Labor Parlamentaria. Ah\u00ed, adem\u00e1s, se discutir\u00e1 y se fijar\u00e1 el temario y la fecha para sesionar la semana pr\u00f3xima. Tambi\u00e9n quedar\u00e1 establecido el n\u00famero m\u00e1ximo de legisladores que podr\u00e1n estar presentes en el recinto &nbsp; &nbsp; El oficialismo cumpli\u00f3 con las formalidades previas que reclam\u00f3 la oposici\u00f3n. Este mi\u00e9rcoles la comisi\u00f3n de Modernizaci\u00f3n Parlamentaria aprob\u00f3 por unanimidad el protocolo para que&#8230;<\/p>\n","protected":false},"author":3,"featured_media":60719,"comment_status":"closed","ping_status":"closed","sticky":false,"template":"","format":"standard","meta":[],"categories":[18],"tags":[],"_links":{"self":[{"href":"https:\/\/www.actualidadadiario.com\/index.php\/wp-json\/wp\/v2\/posts\/60882"}],"collection":[{"href":"https:\/\/www.actualidadadiario.com\/index.php\/wp-json\/wp\/v2\/posts"}],"about":[{"href":"https:\/\/www.actualidadadiario.com\/index.php\/wp-json\/wp\/v2\/types\/post"}],"author":[{"embeddable":true,"href":"https:\/\/www.actualidadadiario.com\/index.php\/wp-json\/wp\/v2\/users\/3"}],"replies":[{"embeddable":true,"href":"https:\/\/www.actualidadadiario.com\/index.php\/wp-json\/wp\/v2\/comments?post=60882"}],"version-history":[{"count":1,"href":"https:\/\/www.actualidadadiario.com\/index.php\/wp-json\/wp\/v2\/posts\/60882\/revisions"}],"predecessor-version":[{"id":60883,"href":"https:\/\/www.actualidadadiario.com\/index.php\/wp-json\/wp\/v2\/posts\/60882\/revisions\/60883"}],"wp:featuredmedia":[{"embeddable":true,"href":"https:\/\/www.actualidadadiario.com\/index.php\/wp-json\/wp\/v2\/media\/60719"}],"wp:attachment":[{"href":"https:\/\/www.actualidadadiario.com\/index.php\/wp-json\/wp\/v2\/media?parent=60882"}],"wp:term":[{"taxonomy":"category","embeddable":true,"href":"https:\/\/www.actualidadadiario.com\/index.php\/wp-json\/wp\/v2\/categories?post=60882"},{"taxonomy":"post_tag","embeddable":true,"href":"https:\/\/www.actualidadadiario.com\/index.php\/wp-json\/wp\/v2\/tags?post=60882"}],"curies":[{"name":"wp","href":"https:\/\/api.w.org\/{rel}","templated":true}]}}