{"id":60873,"date":"2020-04-30T12:43:39","date_gmt":"2020-04-30T15:43:39","guid":{"rendered":"https:\/\/www.actualidadadiario.com\/?p=60873"},"modified":"2020-04-30T12:43:39","modified_gmt":"2020-04-30T15:43:39","slug":"alberto-fernandez-hablo-con-angela-merkel-sobre-la-deuda-y-el-coronavirus","status":"publish","type":"post","link":"https:\/\/www.actualidadadiario.com\/index.php\/2020\/04\/30\/alberto-fernandez-hablo-con-angela-merkel-sobre-la-deuda-y-el-coronavirus\/","title":{"rendered":"Alberto Fern\u00e1ndez habl\u00f3 con Angela Merkel sobre la deuda y el coronavirus"},"content":{"rendered":"<p style=\"text-align: center;\"><em><strong>Fern\u00e1ndez reconoci\u00f3 el liderazgo de Merkel en el control de la pandemia de coronavirus y coincidi\u00f3 con la visi\u00f3n de la Canciller alemana sobre que el conocimiento debe ser compartido y universalizado. Adem\u00e1s, le agradeci\u00f3 su ayuda con el FMI. Ella, por su parte, le dio las gracias por la repatriaci\u00f3n de alemanes cuando en Argentina\u00a0 se cerr\u00f3 las fronteras<\/strong><\/em><\/p>\n<p>&nbsp;<\/p>\n<p>&nbsp;<\/p>\n<p>El presidente Alberto Fern\u00e1ndez mantuvo hoy una conversaci\u00f3n telef\u00f3nica con la Canciller Federal de Alemania, Angela Merkel. Durante la charla, ambos mandatarios abordaron temas de inter\u00e9s com\u00fan tanto de la agenda bilateral como del actual escenario internacional.<\/p>\n<p>En seguimiento de las conversaciones mantenidas durante su visita oficial de trabajo a Berl\u00edn en febrero pasado, el presidente Fern\u00e1ndez inform\u00f3 a la Canciller alemana sobre el estado actual de las gestiones que nuestro pa\u00eds lleva adelante en pos de reestructurar de manera sostenible la deuda p\u00fablica y agradeci\u00f3 su apoyo en las negociaciones con el Fondo Monetario Internacional.<\/p>\n<p>Tambi\u00e9n le solicit\u00f3 su ayuda en las negociaciones que se llevan adelante con el Club de Par\u00eds.<\/p>\n<p>Asimismo, el mandatario argentino y la Canciller alemana intercambiaron experiencias sobre algunas de las principales pol\u00edticas p\u00fablicas adoptadas en cada uno de los dos pa\u00edses en el marco de la pandemia de la covid-19.<\/p>\n<p>Fern\u00e1ndez reconoci\u00f3 el liderazgo de Merkel en el control de la pandemia y coincidi\u00f3 con la visi\u00f3n de la Canciller alemana sobre que el conocimiento debe ser compartido y universalizado. Adem\u00e1s le expres\u00f3 su deseo de avanzar en la oportunidad &#8220;que el coronavirus nos deja, de trabajar en pos de bajar considerablemente las emisiones de CO2 para avanzar en pol\u00edticas de sost\u00e9n de un ambiente sustentable\u201d. Al inicio de la conversaci\u00f3n, Merkel le agradeci\u00f3 al presidente argentino la cooperaci\u00f3n en la repatriaci\u00f3n de alemanes al inicio del per\u00edodo de cuarentena en nuestro pa\u00eds, donde se cerraron los aeropuertos. Esa cooperaci\u00f3n hizo posible tres vuelos de repatriaci\u00f3n en ambas direcciones entre finales de marzo y comienzos de abril, gracias a los cuales m\u00e1s de 800 connacionales pudieron regresar a la Argentina.<\/p>\n<p>Para finalizar, Merkel asegur\u00f3 que el pa\u00eds puede seguir contando con su apoyo y puso a disposici\u00f3n el departamento internacional del instituto Robert Coch para sumar con su cooperaci\u00f3n, asesor\u00eda y apoyo t\u00e9cnico.<\/p>\n","protected":false},"excerpt":{"rendered":"<p>Fern\u00e1ndez reconoci\u00f3 el liderazgo de Merkel en el control de la pandemia de coronavirus y coincidi\u00f3 con la visi\u00f3n de la Canciller alemana sobre que el conocimiento debe ser compartido y universalizado. Adem\u00e1s, le agradeci\u00f3 su ayuda con el FMI. Ella, por su parte, le dio las gracias por la repatriaci\u00f3n de alemanes cuando en Argentina\u00a0 se cerr\u00f3 las fronteras &nbsp; &nbsp; El presidente Alberto Fern\u00e1ndez mantuvo hoy una conversaci\u00f3n telef\u00f3nica con la Canciller Federal de Alemania, Angela Merkel. Durante la charla, ambos mandatarios abordaron temas de inter\u00e9s com\u00fan tanto&#8230;<\/p>\n","protected":false},"author":3,"featured_media":60874,"comment_status":"closed","ping_status":"closed","sticky":false,"template":"","format":"standard","meta":[],"categories":[18],"tags":[],"_links":{"self":[{"href":"https:\/\/www.actualidadadiario.com\/index.php\/wp-json\/wp\/v2\/posts\/60873"}],"collection":[{"href":"https:\/\/www.actualidadadiario.com\/index.php\/wp-json\/wp\/v2\/posts"}],"about":[{"href":"https:\/\/www.actualidadadiario.com\/index.php\/wp-json\/wp\/v2\/types\/post"}],"author":[{"embeddable":true,"href":"https:\/\/www.actualidadadiario.com\/index.php\/wp-json\/wp\/v2\/users\/3"}],"replies":[{"embeddable":true,"href":"https:\/\/www.actualidadadiario.com\/index.php\/wp-json\/wp\/v2\/comments?post=60873"}],"version-history":[{"count":1,"href":"https:\/\/www.actualidadadiario.com\/index.php\/wp-json\/wp\/v2\/posts\/60873\/revisions"}],"predecessor-version":[{"id":60875,"href":"https:\/\/www.actualidadadiario.com\/index.php\/wp-json\/wp\/v2\/posts\/60873\/revisions\/60875"}],"wp:featuredmedia":[{"embeddable":true,"href":"https:\/\/www.actualidadadiario.com\/index.php\/wp-json\/wp\/v2\/media\/60874"}],"wp:attachment":[{"href":"https:\/\/www.actualidadadiario.com\/index.php\/wp-json\/wp\/v2\/media?parent=60873"}],"wp:term":[{"taxonomy":"category","embeddable":true,"href":"https:\/\/www.actualidadadiario.com\/index.php\/wp-json\/wp\/v2\/categories?post=60873"},{"taxonomy":"post_tag","embeddable":true,"href":"https:\/\/www.actualidadadiario.com\/index.php\/wp-json\/wp\/v2\/tags?post=60873"}],"curies":[{"name":"wp","href":"https:\/\/api.w.org\/{rel}","templated":true}]}}