{"id":60868,"date":"2020-04-30T12:41:37","date_gmt":"2020-04-30T15:41:37","guid":{"rendered":"https:\/\/www.actualidadadiario.com\/?p=60868"},"modified":"2020-04-30T12:41:37","modified_gmt":"2020-04-30T15:41:37","slug":"alberto-dijo-que-esta-en-contra-del-indulto-y-advirtio-sobre-campanas-mediaticas-malintencionadas","status":"publish","type":"post","link":"https:\/\/www.actualidadadiario.com\/index.php\/2020\/04\/30\/alberto-dijo-que-esta-en-contra-del-indulto-y-advirtio-sobre-campanas-mediaticas-malintencionadas\/","title":{"rendered":"Alberto dijo que est\u00e1 en contra del indulto y advirti\u00f3 sobre &#8220;campa\u00f1as medi\u00e1ticas malintencionadas&#8221;"},"content":{"rendered":"<p style=\"text-align: center;\"><em><strong>El presidente Alberto Fern\u00e1ndez acus\u00f3 a un sector de los medios de comunicaci\u00f3n de montar una &#8220;campa\u00f1a malintencionada&#8221; para instalar de que el Gobierno prepara una &#8220;salida masiva de presos&#8221;\u00a0 ante los pedidos para facilitar la prisi\u00f3n domiciliaria temporal para evitar contagios en el contexto de la pandemia de coronavirus<\/strong><\/em><\/p>\n<p>&nbsp;<\/p>\n<p>Fern\u00e1ndez hizo aclaraciones v\u00eda Twitter ante la &#8220;malintencionada campa\u00f1a que se ha desatado en redes y medios de comunicaci\u00f3n induciendo a hacer creer a la ciudadan\u00eda que el Gobierno prepara una salida masiva de gente detenida en virtud de procesos penales&#8221;.<\/p>\n<p>&#8220;Es conocida mi oposici\u00f3n a ejercer la facultad del indulto. Digo esto en momentos en que una campa\u00f1a medi\u00e1tica se desata acusando al Gobierno que presido de querer favorecer la libertad de quienes han sido condenados&#8221;, indic\u00f3.<\/p>\n<p>El jefe de Estado insisti\u00f3 en que ante la pandemia &#8220;El riesgo de contagio se potencia en los lugares de mucha concentraci\u00f3n humana por lo que las c\u00e1rceles se convierten en un \u00e1mbito propicio para la expansi\u00f3n de la enfermedad&#8221; y por eso existe una recomendaci\u00f3n ante el &#8220;hacinamiento en las c\u00e1rceles&#8221; que puede &#8220;poner en riesgo la vida de los reclusos&#8221;.&#8221;<\/p>\n<p>En el mundo, muchos gobiernos han dispuesto libertades tratando de minimizar ese riesgo. Algunos han conmutado penas, otros han indultado condenas y otros han dejado el tema en manos de la Justicia&#8221;, remarc\u00f3.<\/p>\n<p>&#8220;En Argentina la soluci\u00f3n del problema est\u00e1 en manos de los tribunales. Son los jueces naturales quienes, de considerarlo necesario, disponen libertades. Las c\u00e1maras de casaci\u00f3n han hecho muy oportunas recomendaciones para hacer frente al problema&#8221;, recalc\u00f3.<\/p>\n<p>El mandatario aclar\u00f3 tambi\u00e9n que formula &#8220;estas aclaraciones tan solo ante la malintencionada campa\u00f1a que se ha desatado en redes y medios de comunicaci\u00f3n induciendo a hacer creer a la ciudadan\u00eda que el Gobierno prepara una salida masiva de gente detenida en virtud de procesos penales.<\/p>\n<p>&#8220;Lamento la conducta de quienes en circunstancias tan cruciales como los que vivimos, muestran su poco apreciable condici\u00f3n humana intranquilizando a la sociedad en momentos en que precisamente m\u00e1s necesita ser contenida&#8221;, puntualiz\u00f3.<\/p>\n","protected":false},"excerpt":{"rendered":"<p>El presidente Alberto Fern\u00e1ndez acus\u00f3 a un sector de los medios de comunicaci\u00f3n de montar una &#8220;campa\u00f1a malintencionada&#8221; para instalar de que el Gobierno prepara una &#8220;salida masiva de presos&#8221;\u00a0 ante los pedidos para facilitar la prisi\u00f3n domiciliaria temporal para evitar contagios en el contexto de la pandemia de coronavirus &nbsp; Fern\u00e1ndez hizo aclaraciones v\u00eda Twitter ante la &#8220;malintencionada campa\u00f1a que se ha desatado en redes y medios de comunicaci\u00f3n induciendo a hacer creer a la ciudadan\u00eda que el Gobierno prepara una salida masiva de gente detenida en virtud de&#8230;<\/p>\n","protected":false},"author":3,"featured_media":60707,"comment_status":"closed","ping_status":"closed","sticky":false,"template":"","format":"standard","meta":[],"categories":[9],"tags":[],"_links":{"self":[{"href":"https:\/\/www.actualidadadiario.com\/index.php\/wp-json\/wp\/v2\/posts\/60868"}],"collection":[{"href":"https:\/\/www.actualidadadiario.com\/index.php\/wp-json\/wp\/v2\/posts"}],"about":[{"href":"https:\/\/www.actualidadadiario.com\/index.php\/wp-json\/wp\/v2\/types\/post"}],"author":[{"embeddable":true,"href":"https:\/\/www.actualidadadiario.com\/index.php\/wp-json\/wp\/v2\/users\/3"}],"replies":[{"embeddable":true,"href":"https:\/\/www.actualidadadiario.com\/index.php\/wp-json\/wp\/v2\/comments?post=60868"}],"version-history":[{"count":1,"href":"https:\/\/www.actualidadadiario.com\/index.php\/wp-json\/wp\/v2\/posts\/60868\/revisions"}],"predecessor-version":[{"id":60869,"href":"https:\/\/www.actualidadadiario.com\/index.php\/wp-json\/wp\/v2\/posts\/60868\/revisions\/60869"}],"wp:featuredmedia":[{"embeddable":true,"href":"https:\/\/www.actualidadadiario.com\/index.php\/wp-json\/wp\/v2\/media\/60707"}],"wp:attachment":[{"href":"https:\/\/www.actualidadadiario.com\/index.php\/wp-json\/wp\/v2\/media?parent=60868"}],"wp:term":[{"taxonomy":"category","embeddable":true,"href":"https:\/\/www.actualidadadiario.com\/index.php\/wp-json\/wp\/v2\/categories?post=60868"},{"taxonomy":"post_tag","embeddable":true,"href":"https:\/\/www.actualidadadiario.com\/index.php\/wp-json\/wp\/v2\/tags?post=60868"}],"curies":[{"name":"wp","href":"https:\/\/api.w.org\/{rel}","templated":true}]}}