{"id":60863,"date":"2020-04-30T12:40:08","date_gmt":"2020-04-30T15:40:08","guid":{"rendered":"https:\/\/www.actualidadadiario.com\/?p=60863"},"modified":"2020-04-30T12:40:08","modified_gmt":"2020-04-30T15:40:08","slug":"la-pandemia-impone-limites-a-la-flexibilizacion-en-provincias","status":"publish","type":"post","link":"https:\/\/www.actualidadadiario.com\/index.php\/2020\/04\/30\/la-pandemia-impone-limites-a-la-flexibilizacion-en-provincias\/","title":{"rendered":"La pandemia impone l\u00edmites a la flexibilizaci\u00f3n en provincias"},"content":{"rendered":"<p style=\"text-align: center;\"><em><strong>En Corrientes, ante la enorme cantidad de gente que se lanz\u00f3 a las calles por las autorizaciones de esta semana, decidieron parar la actividad comercial este s\u00e1bado en la capital y tres localidades<\/strong><\/em><\/p>\n<p>&nbsp;<\/p>\n<p>&nbsp;<\/p>\n<p>La impredescible marcha del coronavirus pone un interrogante a la flexibilizaci\u00f3n al aislamiento que se plantea en algunas provincias con pocos contagio. As\u00ed, distritos que avanzaban hacia la normalizaci\u00f3n de ciertas actividades que estaban paralizadas, volvieron sobre sus pasos ante un cambio en la curva de infecci\u00f3n, ya sea por m\u00e1s contagios, como en Misiones, o de un aumento o por la aparici\u00f3n de casos sospechosos, como en San Luis. Asimismo, Corrientes, frente a un escenario de mayor circulaci\u00f3n de personas que le permitida por Naci\u00f3n, tambi\u00e9n freez\u00f3 el aval a los comercios exceptuados del aislamiento.<\/p>\n<p>La situaci\u00f3n, adem\u00e1s de tener un impacto inmediato, pone de relieve las dificultades para realizar proyecciones de reactivaci\u00f3n econ\u00f3mica: un rebote en los contagios en sitios donde la pandemia parec\u00eda estar m\u00e1s controlada puede cambiar los planes de un d\u00eda para otro.<\/p>\n<p>En San Luis, el gobernador peronista Alberto Rodr\u00edguez Sa\u00e1 pospuso el reinicio de actividades de comercios minoristas, centros de est\u00e9tica y peluquer\u00edas, y otros servicios que iban a retomar ayer, por la detecci\u00f3n de siete casos sospechosos de coronavirus de personas que ingresaron a la provincia de manera irregular, aunque se mantienen las salidas de esparcimiento.<\/p>\n<p>As\u00ed lo anunci\u00f3 el propio mandatario, quien les pidi\u00f3 \u201cpaciencia\u201d a los comerciantes y dijo que buscar\u00e1 intensificar los controles para evitar el ingreso a la provincia de personas que pudieran estar contagiadas. En la provincia hay apenas 11 casos confirmados, sin v\u00edctimas fatales.<\/p>\n<p>\u201cQueremos pedirle m\u00e1s paciencia a los comerciantes, estas situaciones irregulares nos hace poner en alerta epidemiol\u00f3gica y, hasta no obtener los resultados, no se permitir\u00e1 habilitarlo como se hab\u00eda pactado\u201d, dijo Rodr\u00edguez Sa\u00e1. En este marco, destac\u00f3 la necesidad de \u201cacordar con las autoridades nacionales y volver a hablar con el gremio de Camioneros\u201d para \u201cver si hacemos m\u00e1s controles debido a estas situaciones\u201d. La declaraci\u00f3n es en relaci\u00f3n al paso de transporte de carga por la ruta del corredor bioce\u00e1nico, que conecta puertos de Brasil y de Chile.<\/p>\n<p>El primer caso corresponde a cinco personas que ingresaron de manera clandestina a la provincia, escondidos en la carga de un cami\u00f3n con la complicidad del conductor. En tanto, ayer, ingres\u00f3 a la provincia un micro que tra\u00eda de regreso a puntanos que se encontraban en otros puntos del pa\u00eds a la provincia. Todos los pasajeros de esa unidad fueron llevados a la sede de la Universidad de La Punta para que realicen all\u00ed la cuarentena obligatoria de 14 d\u00edas. Sin embargo, unas horas m\u00e1s tarde, se inform\u00f3 que, en ese mismo micro, hab\u00eda viajado una persona que result\u00f3 positiva para coronavirus, por lo que inmediatamente se activ\u00f3 el protocolo y actualmente se encuentra la espera de las muestras para el procesamiento.<\/p>\n<p>La provincia de San Luis mantiene desde el inicio de la cuarentena un estricto control en sus puntos lim\u00edtrofes y no se puede ingresar ni salir de la provincia sin previa autorizaci\u00f3n del comit\u00e9.<\/p>\n<p>En Corrientes, por su parte, el mandatario radical Gustavo Vald\u00e9s confirm\u00f3 ayer la decisi\u00f3n de \u201cparar la actividad comercial\u201d en la capital y en las localidades de San Cosme y San Luis \u201cs\u00f3lo el pr\u00f3ximo s\u00e1bado\u201d, por ser \u201cmunicipios con casos positivos de COVID-19\u201d.<\/p>\n<p>El ajuste se dio luego de que el pasado lunes Vald\u00e9s autorizara la apertura de comercios minoristas, que en el caso de la capital alcanz\u00f3 a shoppings, paseos de compras y galer\u00edas comerciales. La provincia contaba hasta ayer con 48 casos confirmados de coronavirus.<\/p>\n<p>\u201cEste mi\u00e9rcoles recibimos del Gobierno nacional un medidor de actividad a trav\u00e9s de los celulares, con el que podemos ver en tiempo real el movimiento de las ciudades\u201d, dijo. Y advirti\u00f3: \u201cNecesitamos que ese movimiento est\u00e9 por debajo del 50%. Si est\u00e1 por encima, salimos del par\u00e1metro que tenemos fijado y tendremos que cortar las actividades habilitadas\u201d.<\/p>\n<p>En Misiones, en tanto, el escenario epidemiol\u00f3gico local sufri\u00f3 un volantazo, luego de que se confirmara en la noche del martes la existencia de \u201ccirculaci\u00f3n viral comunitaria\u201d en la provincia.<\/p>\n<p>\u201cEsto nos cambia absolutamente la situaci\u00f3n en la cual nos encontr\u00e1bamos\u201d, dijo el ministro de Salud, Oscar Alarc\u00f3n tras hacer p\u00fablica la duplicaci\u00f3n de casos en poco m\u00e1s de un d\u00eda tras cuatro contagios confirmados en Posadas y en Puerto Iguaz\u00fa, lo que elev\u00f3 a 12 los casos.<\/p>\n<p>Alarc\u00f3n pidi\u00f3 a la poblaci\u00f3n extremar las medidas de cuidado para evitar contagios. \u201cTenemos que tomar como \u00fanica bandera que cada persona que est\u00e1 en contacto con nosotros puede estar contagi\u00e1ndonos, ah\u00ed est\u00e1 la enorme responsabilidad de todos\u201d, dijo.<\/p>\n<p>El funcionario se\u00f1al\u00f3 en la ma\u00f1ana de ayer, adem\u00e1s, que las actividades que comenzaron a reactivarse en la provincia \u201cpor ahora contin\u00faan\u201d.<\/p>\n<p>Pero en el entorno del gobernador Oscar Herrera Ahuad (Frente Renovador de la Concordia) aseguraron que estudian endurecer algunas restricciones.<\/p>\n<p>Ya el gobernador hab\u00eda rechazado la posibilidad de habilitar las salidas para esparcimiento. Pero si flexibiliz\u00f3 otras actividades desde el lunes. \u201cHemos incorporado otras actividades y esto genera un incremento del n\u00famero de personas circulando en nuestra provincia; queremos ver cu\u00e1l es el comportamiento de la sociedad en estos d\u00edas, si hemos aprendido a cuidarnos\u201d, hab\u00eda se\u00f1alado ese d\u00eda.<\/p>\n","protected":false},"excerpt":{"rendered":"<p>En Corrientes, ante la enorme cantidad de gente que se lanz\u00f3 a las calles por las autorizaciones de esta semana, decidieron parar la actividad comercial este s\u00e1bado en la capital y tres localidades &nbsp; &nbsp; La impredescible marcha del coronavirus pone un interrogante a la flexibilizaci\u00f3n al aislamiento que se plantea en algunas provincias con pocos contagio. As\u00ed, distritos que avanzaban hacia la normalizaci\u00f3n de ciertas actividades que estaban paralizadas, volvieron sobre sus pasos ante un cambio en la curva de infecci\u00f3n, ya sea por m\u00e1s contagios, como en Misiones,&#8230;<\/p>\n","protected":false},"author":3,"featured_media":60864,"comment_status":"closed","ping_status":"closed","sticky":false,"template":"","format":"standard","meta":[],"categories":[2],"tags":[],"_links":{"self":[{"href":"https:\/\/www.actualidadadiario.com\/index.php\/wp-json\/wp\/v2\/posts\/60863"}],"collection":[{"href":"https:\/\/www.actualidadadiario.com\/index.php\/wp-json\/wp\/v2\/posts"}],"about":[{"href":"https:\/\/www.actualidadadiario.com\/index.php\/wp-json\/wp\/v2\/types\/post"}],"author":[{"embeddable":true,"href":"https:\/\/www.actualidadadiario.com\/index.php\/wp-json\/wp\/v2\/users\/3"}],"replies":[{"embeddable":true,"href":"https:\/\/www.actualidadadiario.com\/index.php\/wp-json\/wp\/v2\/comments?post=60863"}],"version-history":[{"count":1,"href":"https:\/\/www.actualidadadiario.com\/index.php\/wp-json\/wp\/v2\/posts\/60863\/revisions"}],"predecessor-version":[{"id":60865,"href":"https:\/\/www.actualidadadiario.com\/index.php\/wp-json\/wp\/v2\/posts\/60863\/revisions\/60865"}],"wp:featuredmedia":[{"embeddable":true,"href":"https:\/\/www.actualidadadiario.com\/index.php\/wp-json\/wp\/v2\/media\/60864"}],"wp:attachment":[{"href":"https:\/\/www.actualidadadiario.com\/index.php\/wp-json\/wp\/v2\/media?parent=60863"}],"wp:term":[{"taxonomy":"category","embeddable":true,"href":"https:\/\/www.actualidadadiario.com\/index.php\/wp-json\/wp\/v2\/categories?post=60863"},{"taxonomy":"post_tag","embeddable":true,"href":"https:\/\/www.actualidadadiario.com\/index.php\/wp-json\/wp\/v2\/tags?post=60863"}],"curies":[{"name":"wp","href":"https:\/\/api.w.org\/{rel}","templated":true}]}}