{"id":60858,"date":"2020-04-30T12:38:31","date_gmt":"2020-04-30T15:38:31","guid":{"rendered":"https:\/\/www.actualidadadiario.com\/?p=60858"},"modified":"2020-04-30T12:38:31","modified_gmt":"2020-04-30T15:38:31","slug":"el-gobierno-compensa-a-las-empresas-y-deja-congelado-el-precio-de-la-leche","status":"publish","type":"post","link":"https:\/\/www.actualidadadiario.com\/index.php\/2020\/04\/30\/el-gobierno-compensa-a-las-empresas-y-deja-congelado-el-precio-de-la-leche\/","title":{"rendered":"El Gobierno compensa a las empresas y deja congelado el precio de la leche"},"content":{"rendered":"<p style=\"text-align: center;\"><em><strong>El fondo le reconocer\u00e1 al sector la absorci\u00f3n de mayores costos tras la salida del programa IVA 0%. La\u00a0 definici\u00f3n le permite al Gobierno profundizar en las pol\u00edticas oficiales para controlar el incremento de precios en alimentos sensibles de la canasta b\u00e1sica<\/strong><\/em><\/p>\n<p>&nbsp;<\/p>\n<p>&nbsp;<\/p>\n<p>&nbsp;<\/p>\n<p>El Gobierno establecer\u00e1 un fondo compensador que beneficiar\u00e1 a las empresas que absorbieron los costos de la salida del programa IVA 0%, y se asegurar\u00e1 as\u00ed la ausencia de remarcaciones en la venta de leche fluida en supermercados. Fuentes oficiales confirmaron la decisi\u00f3n que ser\u00e1 validada en los pr\u00f3ximos d\u00edas por el Ministerio de Desarrollo Productivo que conduce Mat\u00edas Kulfas y que resuelve una de las preocupaciones que ten\u00eda el sector l\u00e1cteo.<\/p>\n<p>La definici\u00f3n le permite al Gobierno profundizar en las pol\u00edticas oficiales para controlar el incremento de precios en alimentos sensibles de la canasta b\u00e1sica, especialmente en la leche, que es uno de los productos que mayor consumo mostr\u00f3 desde el inicio de la cuarentena por la pandemia del coronavirus.<\/p>\n<p>Seg\u00fan pudo reconstruir BAE Negocios, el anuncio estar\u00eda listo y fue adelantado por Kulfas en el encuentro que mantuvieron representantes de entidades empresariales al inicio de esta semana con el ministro y la secretaria de Comercio Interior, Paula Espa\u00f1ol.<\/p>\n<p>Las conversaciones por el IVA 0% empezaron a pocos d\u00edas del inicio de 2020. Una fuente de la industria l\u00e1ctea consultada por este medio reconoci\u00f3: &#8220;Nos pidieron opini\u00f3n y explicamos que es un tema complejo y que puede generar distorsiones en la cadena&#8221;. Los industriales remarcaron que este impuesto se halla distribuido a trav\u00e9s de toda la cadena y una medida como la quita de este impuesto puede generar fuertes asimetr\u00edas.<\/p>\n<p>Esa situaci\u00f3n gener\u00f3 el cambio de car\u00e1tula del programa impuesto por el macrismo y vir\u00f3 hacia la creaci\u00f3n del fondo compensador. Las fuentes gubernamentales consultadas recordaron que las empresas que ten\u00edan productos con IVA 0% absorbieron la mitad del costo y la otra parte fue trasladada a precios, en com\u00fan acuerdo con el Gobierno, a excepci\u00f3n de la leche. &#8220;El Estado se comprometi\u00f3 a generar un mecanismo compensador para que el consumidor no pague el IVA a la leche&#8221;, confirmaron desde la cartera productiva<\/p>\n<p>Como se recordar\u00e1, en septiembre del a\u00f1o pasado y tras la derrota electoral en las elecciones PASO de agosto, el entonces presidente Mauricio Macri anunci\u00f3 una exenci\u00f3n del IVA en una canasta de trece alimentos. La medida se extendi\u00f3 hasta el 31 de diciembre.<\/p>\n<p>Este plan asoma en medio de un escenario delicado para las pymes del sector l\u00e1cteo, que de acuerdo con la Asociaci\u00f3n de Peque\u00f1as y Medianas Empresas L\u00e1cteas (Apymel) nuclea a unas 600 plantas, que absorben un 30% de la producci\u00f3n nacional, tienen como clientes al 50% de los tambos argentinos y generan entre 8.000 y 10.000 puestos de trabajo. El presidente de la entidad, Pablo Villano, explic\u00f3 que un elevado porcentaje de estas empresas est\u00e1 orientado a la producci\u00f3n de quesos y el cese de actividades en pizzer\u00edas, restaurantes y catering es un golpe dif\u00edcil de asimilar. &#8220;Si bien se habla de un mayor consumo, es de leche, yogur y queso cremosos, sobre todo en supermercados&#8221;, grafic\u00f3.<\/p>\n<p>En este contexto, Villano advirti\u00f3 que se les hace cada vez m\u00e1s complicado pagar los $18 promedio por litro de leche a los tambos, con el agravante de una actividad virtualmente jaqueada por el endeudamiento, una cadena de pagos rota y la falta de acceso a financiamiento. Sobre este punto, y m\u00e1s all\u00e1 de la oferta de cr\u00e9ditos al 24%, el titular de Apymel remarc\u00f3 que la banca privada es por dem\u00e1s exigente con las empresas de peque\u00f1a escala a la hora de preparar las carpetas para acceder a estas l\u00edneas crediticias.<\/p>\n","protected":false},"excerpt":{"rendered":"<p>El fondo le reconocer\u00e1 al sector la absorci\u00f3n de mayores costos tras la salida del programa IVA 0%. La\u00a0 definici\u00f3n le permite al Gobierno profundizar en las pol\u00edticas oficiales para controlar el incremento de precios en alimentos sensibles de la canasta b\u00e1sica &nbsp; &nbsp; &nbsp; El Gobierno establecer\u00e1 un fondo compensador que beneficiar\u00e1 a las empresas que absorbieron los costos de la salida del programa IVA 0%, y se asegurar\u00e1 as\u00ed la ausencia de remarcaciones en la venta de leche fluida en supermercados. Fuentes oficiales confirmaron la decisi\u00f3n que ser\u00e1&#8230;<\/p>\n","protected":false},"author":3,"featured_media":60859,"comment_status":"closed","ping_status":"closed","sticky":false,"template":"","format":"standard","meta":[],"categories":[2],"tags":[],"_links":{"self":[{"href":"https:\/\/www.actualidadadiario.com\/index.php\/wp-json\/wp\/v2\/posts\/60858"}],"collection":[{"href":"https:\/\/www.actualidadadiario.com\/index.php\/wp-json\/wp\/v2\/posts"}],"about":[{"href":"https:\/\/www.actualidadadiario.com\/index.php\/wp-json\/wp\/v2\/types\/post"}],"author":[{"embeddable":true,"href":"https:\/\/www.actualidadadiario.com\/index.php\/wp-json\/wp\/v2\/users\/3"}],"replies":[{"embeddable":true,"href":"https:\/\/www.actualidadadiario.com\/index.php\/wp-json\/wp\/v2\/comments?post=60858"}],"version-history":[{"count":1,"href":"https:\/\/www.actualidadadiario.com\/index.php\/wp-json\/wp\/v2\/posts\/60858\/revisions"}],"predecessor-version":[{"id":60860,"href":"https:\/\/www.actualidadadiario.com\/index.php\/wp-json\/wp\/v2\/posts\/60858\/revisions\/60860"}],"wp:featuredmedia":[{"embeddable":true,"href":"https:\/\/www.actualidadadiario.com\/index.php\/wp-json\/wp\/v2\/media\/60859"}],"wp:attachment":[{"href":"https:\/\/www.actualidadadiario.com\/index.php\/wp-json\/wp\/v2\/media?parent=60858"}],"wp:term":[{"taxonomy":"category","embeddable":true,"href":"https:\/\/www.actualidadadiario.com\/index.php\/wp-json\/wp\/v2\/categories?post=60858"},{"taxonomy":"post_tag","embeddable":true,"href":"https:\/\/www.actualidadadiario.com\/index.php\/wp-json\/wp\/v2\/tags?post=60858"}],"curies":[{"name":"wp","href":"https:\/\/api.w.org\/{rel}","templated":true}]}}