{"id":60851,"date":"2020-04-30T12:35:57","date_gmt":"2020-04-30T15:35:57","guid":{"rendered":"https:\/\/www.actualidadadiario.com\/?p=60851"},"modified":"2020-04-30T12:35:57","modified_gmt":"2020-04-30T15:35:57","slug":"argentina-en-fase-tres-de-la-pandemia-que-significa-y-como-afecta","status":"publish","type":"post","link":"https:\/\/www.actualidadadiario.com\/index.php\/2020\/04\/30\/argentina-en-fase-tres-de-la-pandemia-que-significa-y-como-afecta\/","title":{"rendered":"Argentina en fase tres de la pandemia: \u00bfqu\u00e9 significa y c\u00f3mo afecta?"},"content":{"rendered":"<p style=\"text-align: center;\"><em><strong>El pa\u00eds contin\u00faa con la estrategia de monitoreo fragmentado para localizar puntos de circulaci\u00f3n local a trav\u00e9s de testeos serol\u00f3gicos mientras se prepara para un pico de la pandemia en junio<\/strong><\/em><\/p>\n<p>&nbsp;<\/p>\n<p>&nbsp;<\/p>\n<p>&nbsp;<\/p>\n<p>Mientras el presidente Alberto Fern\u00e1ndez anunciaba este fin de semana la ampliaci\u00f3n de la cuarentena hasta el domingo 10 de mayo inclusive los especialistas se\u00f1alaban que la pandemia de coronavirus ingres\u00f3 en la fase tres, cuando comienza a registrarse un mayor n\u00famero de casos de transmisi\u00f3n comunitaria, por lo que el Gobierno puso en foco en los grandes aglomerados urbanos e hizo hincapi\u00e9 en el cuidado que hay que tener a la hora de circular en transporte p\u00fablico, donde es complicado mantener la distancia social recomendada.<\/p>\n<p>La Argentina intentar\u00e1 mitigar los efectos de la pandemia en esta etapa, mientras se prepara para la fase cuatro, que caus\u00f3 estragos en Espa\u00f1a e Italia, y en se espera para junio, con la expectativa de que la curva de contagios no repita la tr\u00e1gica historia de los pa\u00edses europeos.<\/p>\n<p>El ministro de Salud P\u00fablica de la Naci\u00f3n, Gin\u00e9s Gonz\u00e1lez Garc\u00eda, afirm\u00f3 que &#8220;se habla de que el pico de coronavirus en Argentina ser\u00e1 en junio&#8221; y que &#8220;probablemente se trate de un pico chato&#8221;, pero advirti\u00f3 que esa situaci\u00f3n &#8220;va a depender de lo que hagamos en mayo&#8221;.<\/p>\n<p>Hasta ahora, la cifra de contagios por coronavirus en la Argentina asciende a 4.285 en todo el pa\u00eds. El n\u00famero de incidencia en el pa\u00eds es de 9,3% por cada 1000.000 habitantes, de los cuales el 50,2% se dio en mujeres. La edad promedio se mantiene en 43, mientras que la tasa de letalidad su ubica en el 5%.<\/p>\n<p>Ya suman m\u00e1s de 44 mil los casos que fueron descartados: el 98,6% por an\u00e1lisis virol\u00f3gico.<\/p>\n<p>La secretaria de Acceso a la Salud, Carla Vizzotti, en relaci\u00f3n al estad\u00edo de la pandemia en el pa\u00eds, asegur\u00f3 que el porcentaje de positivos sobre el total de pruebas realizadas &#8220;contin\u00faa en descenso&#8221; lo cual &#8220;permite idear esquemas de trabajo como los testeos inmediatos&#8221;.<\/p>\n<p>La tercera fase de la cuarentena, que comenz\u00f3 al 13 de abril, se adopt\u00f3 tambi\u00e9n con el consenso de los expertos m\u00e9dicos y los gobernadores, con la intenci\u00f3n del jefe de Estado de disponer la prosecuci\u00f3n de la cuarentena de una forma &#8220;administrada&#8221;.<\/p>\n<p><strong>\u00a0<\/strong><\/p>\n<p><strong>Fases de la Pandemia<\/strong><\/p>\n<p><strong>FASE 1: Preparaci\u00f3n<\/strong><\/p>\n<p>Se a\u00edsla a las personas infectadas y a las que viajaron a una zona riesgo, asegur\u00e1ndose que quede apartada de la poblaci\u00f3n. Realizar\u00e1n una investigaci\u00f3n para conocer sus actividades previas y contactos con otras personas. Se realizan protocolos y se determinan en que hospitales se atender\u00e1n estos casos.<\/p>\n<p>&nbsp;<\/p>\n<p><strong>FASE 2: Contenci\u00f3n<\/strong><\/p>\n<p>Se identifica a las personas infectadas que vuelven de pa\u00edses extranjeros para lograr una contenci\u00f3n adecuada. Los ciudadanos deben implementar medidas que el coronavirus se propague a nivel domiciliario, comunitario, a nivel de espacios colectivos y eso es con medidas b\u00e1sicas de higiene y al evitar las concentraciones.<\/p>\n<p>Es cuando comienza, mediante anuncios del gobierno, el distanciamiento social, cierres de escuelas, limitaci\u00f3n de movilidad, con la implementaci\u00f3n del trabajo a distancia.<\/p>\n<p>Quedan cancelados cualquier tipo de aglomeraciones, tanto privadas como p\u00fablicas. Estas medidas buscan dar tiempo a las instituciones de salud para prepararse para la epidemia y una transici\u00f3n a la tercera etapa.<\/p>\n<p>&nbsp;<\/p>\n<p><strong>FASE 3: Contagio Comunitario<\/strong><\/p>\n<p>Una vez que se sobrepasen los casos contenidos y se conozcan casos que no tienen relaci\u00f3n con los pacientes importados, se da un contagio comunitario, cuando hay mayor expansi\u00f3n, esa es la fase 3.<\/p>\n<p>Es importante seguir la orden gubernamental de evitar las concentraciones, con ello se espera que no haya una propagaci\u00f3n masiva del virus.<\/p>\n<p>En esta fase circula activamente el virus. Las instituciones m\u00e9dicas detectan y atienden los casos de la enfermedad, con el fin de mitigar los efectos. La atenci\u00f3n de pacientes no graves es realizada de forma ambulatoria, es decir, no son internados en los hospitales, en tanto que los casos graves son atendidos en centros definidos.<\/p>\n<p>&nbsp;<\/p>\n<p><strong>FASE 4: Transmisi\u00f3n sostenida<\/strong><\/p>\n<p>Cuando se producen casos de transmisi\u00f3n comunitaria sostenida, que es lo que ya ha ocurrido en pa\u00edses como Italia y Espa\u00f1a. En este caso, las autoridades sanitarias deben garantizar a la ciudadan\u00eda el manejo oportuno de la emergencia y garantizar los recursos. Su puede entender como un crecimiento exponencial de la poblaci\u00f3n, seg\u00fan inform\u00f3 el portal Mag.elcomercio.pe.<\/p>\n<p>&nbsp;<\/p>\n<p><strong>Fase 5: la OMS declara el fin de la pandemia<\/strong><\/p>\n<p>Se hace una valoraci\u00f3n a nivel mundial sobre los efectos del virus. Cabe mencionar que la organizaci\u00f3n detalla que para llegar a esta fase, se puede tardar hasta tres a\u00f1os.<\/p>\n","protected":false},"excerpt":{"rendered":"<p>El pa\u00eds contin\u00faa con la estrategia de monitoreo fragmentado para localizar puntos de circulaci\u00f3n local a trav\u00e9s de testeos serol\u00f3gicos mientras se prepara para un pico de la pandemia en junio &nbsp; &nbsp; &nbsp; Mientras el presidente Alberto Fern\u00e1ndez anunciaba este fin de semana la ampliaci\u00f3n de la cuarentena hasta el domingo 10 de mayo inclusive los especialistas se\u00f1alaban que la pandemia de coronavirus ingres\u00f3 en la fase tres, cuando comienza a registrarse un mayor n\u00famero de casos de transmisi\u00f3n comunitaria, por lo que el Gobierno puso en foco en&#8230;<\/p>\n","protected":false},"author":3,"featured_media":60852,"comment_status":"closed","ping_status":"closed","sticky":false,"template":"","format":"standard","meta":[],"categories":[9],"tags":[],"_links":{"self":[{"href":"https:\/\/www.actualidadadiario.com\/index.php\/wp-json\/wp\/v2\/posts\/60851"}],"collection":[{"href":"https:\/\/www.actualidadadiario.com\/index.php\/wp-json\/wp\/v2\/posts"}],"about":[{"href":"https:\/\/www.actualidadadiario.com\/index.php\/wp-json\/wp\/v2\/types\/post"}],"author":[{"embeddable":true,"href":"https:\/\/www.actualidadadiario.com\/index.php\/wp-json\/wp\/v2\/users\/3"}],"replies":[{"embeddable":true,"href":"https:\/\/www.actualidadadiario.com\/index.php\/wp-json\/wp\/v2\/comments?post=60851"}],"version-history":[{"count":1,"href":"https:\/\/www.actualidadadiario.com\/index.php\/wp-json\/wp\/v2\/posts\/60851\/revisions"}],"predecessor-version":[{"id":60853,"href":"https:\/\/www.actualidadadiario.com\/index.php\/wp-json\/wp\/v2\/posts\/60851\/revisions\/60853"}],"wp:featuredmedia":[{"embeddable":true,"href":"https:\/\/www.actualidadadiario.com\/index.php\/wp-json\/wp\/v2\/media\/60852"}],"wp:attachment":[{"href":"https:\/\/www.actualidadadiario.com\/index.php\/wp-json\/wp\/v2\/media?parent=60851"}],"wp:term":[{"taxonomy":"category","embeddable":true,"href":"https:\/\/www.actualidadadiario.com\/index.php\/wp-json\/wp\/v2\/categories?post=60851"},{"taxonomy":"post_tag","embeddable":true,"href":"https:\/\/www.actualidadadiario.com\/index.php\/wp-json\/wp\/v2\/tags?post=60851"}],"curies":[{"name":"wp","href":"https:\/\/api.w.org\/{rel}","templated":true}]}}