{"id":60843,"date":"2020-04-30T12:14:02","date_gmt":"2020-04-30T15:14:02","guid":{"rendered":"https:\/\/www.actualidadadiario.com\/?p=60843"},"modified":"2020-04-30T12:14:02","modified_gmt":"2020-04-30T15:14:02","slug":"comienza-este-viernes-el-pago-de-los-sueldos-de-abril","status":"publish","type":"post","link":"https:\/\/www.actualidadadiario.com\/index.php\/2020\/04\/30\/comienza-este-viernes-el-pago-de-los-sueldos-de-abril\/","title":{"rendered":"Comienza este viernes el pago de los sueldos de abril"},"content":{"rendered":"<p style=\"text-align: center;\"><em><strong>El gobierno dio a conocer la primera etapa del cronograma de pago del mes de abril para estatales provinciales. Contempla al 93% de los activos y el 85% de los pasivos y comenzar\u00e1 este viernes 1 de mayo<\/strong><\/em><\/p>\n<p>&nbsp;<\/p>\n<p>&nbsp;<\/p>\n<p>El gobierno de Entre R\u00edos dio a conocer la primera etapa del cronograma de pago del mes de abril para estatales provinciales, que contempla al 93% de los activos y el 85% de los pasivos, y comenzar\u00e1 este viernes 1 de mayo.<\/p>\n<p>&nbsp;<\/p>\n<p><strong>El detalle difundido por el Gobierno:<\/strong><\/p>\n<p>-Este viernes, cobrar\u00e1n quienes perciben hasta 25.000 pesos.<\/p>\n<p>-El martes 5 de mayo, aquellos sueldos comprendidos entre 25.001 pesos y 35.000 pesos.<\/p>\n<p>-El mi\u00e9rcoles 6 de mayo, de 35.001 pesos a 45.000 pesos.<\/p>\n<p>-El jueves 7 de mayo, de 45.001 pesos a 55.000 pesos.<\/p>\n<p>-El viernes 8 de mayo, los que perciben desde 55.001 hasta 75.000 pesos.<\/p>\n<p>-El s\u00e1bado 9 de mayo, en tanto, se les acreditar\u00e1n 75.000 pesos a activos y pasivos cuyo sueldo supera ese monto.<\/p>\n<p>En los pr\u00f3ximos d\u00edas se dar\u00e1 a conocer la fecha de cobro del saldo pendiente.<\/p>\n<p>Desde el gobierno provincial, reiteraron la necesidad de guardar las distancias y las medidas de seguridad sanitaria en los cajeros autom\u00e1ticos, de acuerdo a las disposiciones vigentes en materia de prevenci\u00f3n del coronavirus.<\/p>\n","protected":false},"excerpt":{"rendered":"<p>El gobierno dio a conocer la primera etapa del cronograma de pago del mes de abril para estatales provinciales. Contempla al 93% de los activos y el 85% de los pasivos y comenzar\u00e1 este viernes 1 de mayo &nbsp; &nbsp; El gobierno de Entre R\u00edos dio a conocer la primera etapa del cronograma de pago del mes de abril para estatales provinciales, que contempla al 93% de los activos y el 85% de los pasivos, y comenzar\u00e1 este viernes 1 de mayo. &nbsp; El detalle difundido por el Gobierno: -Este&#8230;<\/p>\n","protected":false},"author":3,"featured_media":27810,"comment_status":"closed","ping_status":"closed","sticky":false,"template":"","format":"standard","meta":[],"categories":[15],"tags":[],"_links":{"self":[{"href":"https:\/\/www.actualidadadiario.com\/index.php\/wp-json\/wp\/v2\/posts\/60843"}],"collection":[{"href":"https:\/\/www.actualidadadiario.com\/index.php\/wp-json\/wp\/v2\/posts"}],"about":[{"href":"https:\/\/www.actualidadadiario.com\/index.php\/wp-json\/wp\/v2\/types\/post"}],"author":[{"embeddable":true,"href":"https:\/\/www.actualidadadiario.com\/index.php\/wp-json\/wp\/v2\/users\/3"}],"replies":[{"embeddable":true,"href":"https:\/\/www.actualidadadiario.com\/index.php\/wp-json\/wp\/v2\/comments?post=60843"}],"version-history":[{"count":1,"href":"https:\/\/www.actualidadadiario.com\/index.php\/wp-json\/wp\/v2\/posts\/60843\/revisions"}],"predecessor-version":[{"id":60844,"href":"https:\/\/www.actualidadadiario.com\/index.php\/wp-json\/wp\/v2\/posts\/60843\/revisions\/60844"}],"wp:featuredmedia":[{"embeddable":true,"href":"https:\/\/www.actualidadadiario.com\/index.php\/wp-json\/wp\/v2\/media\/27810"}],"wp:attachment":[{"href":"https:\/\/www.actualidadadiario.com\/index.php\/wp-json\/wp\/v2\/media?parent=60843"}],"wp:term":[{"taxonomy":"category","embeddable":true,"href":"https:\/\/www.actualidadadiario.com\/index.php\/wp-json\/wp\/v2\/categories?post=60843"},{"taxonomy":"post_tag","embeddable":true,"href":"https:\/\/www.actualidadadiario.com\/index.php\/wp-json\/wp\/v2\/tags?post=60843"}],"curies":[{"name":"wp","href":"https:\/\/api.w.org\/{rel}","templated":true}]}}