{"id":60840,"date":"2020-04-30T12:13:15","date_gmt":"2020-04-30T15:13:15","guid":{"rendered":"https:\/\/www.actualidadadiario.com\/?p=60840"},"modified":"2020-04-30T12:13:15","modified_gmt":"2020-04-30T15:13:15","slug":"la-provincia-participo-de-una-nueva-reunion-virtual-del-consejo-federal-de-las-mujeres","status":"publish","type":"post","link":"https:\/\/www.actualidadadiario.com\/index.php\/2020\/04\/30\/la-provincia-participo-de-una-nueva-reunion-virtual-del-consejo-federal-de-las-mujeres\/","title":{"rendered":"La provincia particip\u00f3 de una nueva reuni\u00f3n virtual del Consejo Federal de las Mujeres"},"content":{"rendered":"<p style=\"text-align: center;\"><em><strong>La ministra de Desarrollo Social, Marisa Paira, y la secretaria de Mujeres, G\u00e9nero y Diversidad, Mariana Broggi, participaron de la reuni\u00f3n especial del Consejo Federal convocada por el Ministerio de Mujeres, G\u00e9nero y Diversidad de Naci\u00f3n<\/strong><\/em><\/p>\n<p>&nbsp;<\/p>\n<p>&nbsp;<\/p>\n<p>Al encuentro virtual, que estuvo presidido por la ministra Elizabeth G\u00f3mez Alcorta, tambi\u00e9n asisti\u00f3 la subsecretaria de la Mujer de Entre R\u00edos, Valeria Migueles, junto a las autoridades en materia de g\u00e9nero y diversidad de todo el pa\u00eds, con el objetivo de seguir fortaleciendo el trabajo conjunto y haciendo frente a los desaf\u00edos compartidos en este contexto de emergencia sanitaria.<\/p>\n<p>\u201cCada provincia present\u00f3 c\u00f3mo se est\u00e1 manejando en el marco de la pandemia y las situaciones que existen en cada territorio, y tambi\u00e9n se habl\u00f3 del trabajo que lleva adelante la Justicia y del estado de situaci\u00f3n de las denuncias por violencia\u201d, inform\u00f3 Mariana Broggi.<\/p>\n<p>Por otro lado, la funcionaria indic\u00f3: \u201cDesde Naci\u00f3n se hizo referencia al acuerdo para que mujeres v\u00edctimas de violencia g\u00e9nero puedan incluirse en el Programa Potenciar Trabajo. Y en la provincia avanzaremos en los pr\u00f3ximos d\u00edas para determinar c\u00f3mo se va implementar\u201d.<\/p>\n<p>Por \u00faltimo, la secretaria apunt\u00f3 que \u201cotro de los temas tratados fue la asistencia y el apoyo a la poblaci\u00f3n Lgtbiq+\u201d.<\/p>\n","protected":false},"excerpt":{"rendered":"<p>La ministra de Desarrollo Social, Marisa Paira, y la secretaria de Mujeres, G\u00e9nero y Diversidad, Mariana Broggi, participaron de la reuni\u00f3n especial del Consejo Federal convocada por el Ministerio de Mujeres, G\u00e9nero y Diversidad de Naci\u00f3n &nbsp; &nbsp; Al encuentro virtual, que estuvo presidido por la ministra Elizabeth G\u00f3mez Alcorta, tambi\u00e9n asisti\u00f3 la subsecretaria de la Mujer de Entre R\u00edos, Valeria Migueles, junto a las autoridades en materia de g\u00e9nero y diversidad de todo el pa\u00eds, con el objetivo de seguir fortaleciendo el trabajo conjunto y haciendo frente a los&#8230;<\/p>\n","protected":false},"author":3,"featured_media":60841,"comment_status":"closed","ping_status":"closed","sticky":false,"template":"","format":"standard","meta":[],"categories":[15],"tags":[],"_links":{"self":[{"href":"https:\/\/www.actualidadadiario.com\/index.php\/wp-json\/wp\/v2\/posts\/60840"}],"collection":[{"href":"https:\/\/www.actualidadadiario.com\/index.php\/wp-json\/wp\/v2\/posts"}],"about":[{"href":"https:\/\/www.actualidadadiario.com\/index.php\/wp-json\/wp\/v2\/types\/post"}],"author":[{"embeddable":true,"href":"https:\/\/www.actualidadadiario.com\/index.php\/wp-json\/wp\/v2\/users\/3"}],"replies":[{"embeddable":true,"href":"https:\/\/www.actualidadadiario.com\/index.php\/wp-json\/wp\/v2\/comments?post=60840"}],"version-history":[{"count":1,"href":"https:\/\/www.actualidadadiario.com\/index.php\/wp-json\/wp\/v2\/posts\/60840\/revisions"}],"predecessor-version":[{"id":60842,"href":"https:\/\/www.actualidadadiario.com\/index.php\/wp-json\/wp\/v2\/posts\/60840\/revisions\/60842"}],"wp:featuredmedia":[{"embeddable":true,"href":"https:\/\/www.actualidadadiario.com\/index.php\/wp-json\/wp\/v2\/media\/60841"}],"wp:attachment":[{"href":"https:\/\/www.actualidadadiario.com\/index.php\/wp-json\/wp\/v2\/media?parent=60840"}],"wp:term":[{"taxonomy":"category","embeddable":true,"href":"https:\/\/www.actualidadadiario.com\/index.php\/wp-json\/wp\/v2\/categories?post=60840"},{"taxonomy":"post_tag","embeddable":true,"href":"https:\/\/www.actualidadadiario.com\/index.php\/wp-json\/wp\/v2\/tags?post=60840"}],"curies":[{"name":"wp","href":"https:\/\/api.w.org\/{rel}","templated":true}]}}