{"id":60837,"date":"2020-04-30T12:12:29","date_gmt":"2020-04-30T15:12:29","guid":{"rendered":"https:\/\/www.actualidadadiario.com\/?p=60837"},"modified":"2020-04-30T12:12:29","modified_gmt":"2020-04-30T15:12:29","slug":"giano-recibio-nuevamente-a-los-presidentes-de-los-distintos-bloques-legislativos","status":"publish","type":"post","link":"https:\/\/www.actualidadadiario.com\/index.php\/2020\/04\/30\/giano-recibio-nuevamente-a-los-presidentes-de-los-distintos-bloques-legislativos\/","title":{"rendered":"Giano recibi\u00f3 nuevamente a los presidentes de los distintos bloques legislativos"},"content":{"rendered":"<p style=\"text-align: center;\"><em><strong>El presidente de la C\u00e1mara de Diputados, \u00c1ngel Giano, recibi\u00f3 a los presidentes de los diferentes bloques legislativos. El legislador destac\u00f3 el afianzamiento de la modalidad semivirtual de funcionamiento, inform\u00f3 que obtuvo su Certificado de Firma Digital, hizo hincapi\u00e9 en la importancia de continuar \u201cconstruyendo consensos\u201d y adelant\u00f3 que la pr\u00f3xima sesi\u00f3n ser\u00e1 el jueves 7 de mayo<\/strong><\/em><\/p>\n<p>&nbsp;<\/p>\n<p>&nbsp;<\/p>\n<p>Giano recibi\u00f3 en su despacho a los presidentes de los bloques Juan Reynaldo Navarro (PJ), Gustavo Cusinato (UCR), Esteban Vitor (PRO) y Juan Domingo Zacar\u00edas (Movimiento Social Entrerriano).<\/p>\n<p>En el encuentro hicieron un repaso sobre el funcionamiento de la C\u00e1mara de Diputados en lo que respecta a esta nueva modalidad virtual que se impuso a partir de la implementaci\u00f3n del aislamiento obligatorio para contener a la pandemia del Coronavirus.<\/p>\n<p>\u201cA pesar del contexto, la C\u00e1mara no ha dejado de funcionar en ning\u00fan momento y hemos podido ir implementando diferentes mecanismos tecnol\u00f3gicos con el fin de continuar con el trabajo de este importante Poder del Estado\u201d, sostuvo.<\/p>\n<p>Tambi\u00e9n hizo hincapi\u00e9 en la tarea que se viene realizando con el objetivo de\u00a0 \u201cconstruir consensos\u201d con todos los espacios pol\u00edticos para avanzar en iniciativas que directa e indirectamente mejoran la calidad institucional de la provincia y la vida de los entrerrianos.<\/p>\n<p>&nbsp;<\/p>\n<p><strong>Firma digital<\/strong><\/p>\n<p>Tras mencionar la puesta en marcha de distintos dispositivos que vienen permitiendo realizar un \u201cgran trabajo legislativo\u201d (implementaci\u00f3n de programa inform\u00e1tico de registro, grabaci\u00f3n audiovisual, presentaci\u00f3n de proyectos on line, etc), destac\u00f3 la instrumentaci\u00f3n de la firma digital.<\/p>\n<p>En tal sentido, explic\u00f3 que obtuvo su Certificado de Firma Digital, que lo habilita a firmar la documentaci\u00f3n de modo digital, lo cual garantiza adem\u00e1s un avance en la modernizaci\u00f3n de los procedimientos administrativos y legislativos, la disminuci\u00f3n del uso de papel, la reducci\u00f3n de los tiempos de tramitaci\u00f3n y transparenta a\u00fan m\u00e1s los actos administrativos\u201d.<\/p>\n<p>Y agreg\u00f3 que los legisladores ya iniciaron los tr\u00e1mites correspondientes para obtener tambi\u00e9n su certificado de firma digital.<\/p>\n<p>La entrega de los Certificados es posible gracias a la autoridad del Registro de Firma Digital dependiente del \u00c1rea de Modernizaci\u00f3n de la C\u00e1mara de Diputados cuya habilitaci\u00f3n se tramita ante Oficina Nacional de Tecnolog\u00edas de Informaci\u00f3n dependiente de la Jefatura de Gabinete de Ministros de la Naci\u00f3n, que le da validez para la Rep\u00fablica Argentina.<\/p>\n<p>La habilitaci\u00f3n que tiene el \u00e1rea de Modernizaci\u00f3n de la C\u00e1mara fue otorgada luego de cumplir con rigurosos requerimientos en cuanto a la seguridad, f\u00edsica y virtual de la oficina, y la capacitaci\u00f3n y evaluaci\u00f3n del personal habilitado como Oficial de Registro, se indic\u00f3 desde la C\u00e1mara de Diputados.<\/p>\n<p>Adem\u00e1s desde la oficina de la C\u00e1mara Baja se brinda asistencia a la C\u00e1mara de Senadores para utilizar este servicio y para la tramitaci\u00f3n de sus certificados, al igual que a m\u00faltiples organismos que funcionan en la provincia tales como Anses, Vialidad Nacional, Registros de la Propiedad Automotor, permitiendo de esta forma su tramitaci\u00f3n local y evitando tener que trasladarse a la ciudad de Buenos Aires para realizar dicho tr\u00e1mite.<\/p>\n<p>El procedimiento para otorgar la configuraci\u00f3n de la firma digital, est\u00e1 garantizada por la criptograf\u00eda asim\u00e9trica que asegura la autenticidad de la misma, y tiene criterios de respaldo y seguridad para el almacenamiento de datos biom\u00e9tricos, con roles definidos para cada proceso y persona.<\/p>\n<p>La firma digital es muy segura y permite rubricar documentos electr\u00f3nicos digitalmente con la misma validez jur\u00eddica que una firma de pu\u00f1o y letra.<\/p>\n<p>Esta herramienta permite realizar tr\u00e1mites con entidades p\u00fablicas y privadas, tales como relaciones impositivas, notificaciones judiciales, operaciones bancarias, contratos a distancia y documentos de comercio exterior. Adem\u00e1s garantiza la autenticidad e integridad del documento, con identificaci\u00f3n del autor y verificar si ese documento fue alterado. Por lo cual se asegura la autor\u00eda e integridad del mismo.<\/p>\n<p>&nbsp;<\/p>\n<p><strong>Proyectos a tratar<\/strong><\/p>\n<p>Giano adelant\u00f3 que en la pr\u00f3xima sesi\u00f3n virtual, que tendr\u00e1 lugar el jueves, se tratar\u00eda -entre otros- un proyecto del diputado Juan Reynaldo Navarro por el que se modifica el Art\u00edculo 48\u00ba de la Ley N\u00ba 10.644 de R\u00e9gimen Comunal.<\/p>\n<p>\u201cLas relaciones entre la Comuna y sus empleados se regir\u00e1n por la Ley del R\u00e9gimen Jur\u00eddico B\u00e1sico de la Provincia de Entre R\u00edos, no pudiendo sancionar normas relativas a la relaci\u00f3n con sus empleados\u201d.<\/p>\n<p>A su vez, dispone que \u201clos empleados, y los integrantes del Departamento Ejecutivo y Consejos comunales quedar\u00e1n obligatoriamente comprendidos en el R\u00e9gimen del Instituto de Obra Social de la Provincia de Entre R\u00edos en los t\u00e9rminos del D.L 5326\/73, ratificada por Ley 5.480\u201d.<\/p>\n","protected":false},"excerpt":{"rendered":"<p>El presidente de la C\u00e1mara de Diputados, \u00c1ngel Giano, recibi\u00f3 a los presidentes de los diferentes bloques legislativos. El legislador destac\u00f3 el afianzamiento de la modalidad semivirtual de funcionamiento, inform\u00f3 que obtuvo su Certificado de Firma Digital, hizo hincapi\u00e9 en la importancia de continuar \u201cconstruyendo consensos\u201d y adelant\u00f3 que la pr\u00f3xima sesi\u00f3n ser\u00e1 el jueves 7 de mayo &nbsp; &nbsp; Giano recibi\u00f3 en su despacho a los presidentes de los bloques Juan Reynaldo Navarro (PJ), Gustavo Cusinato (UCR), Esteban Vitor (PRO) y Juan Domingo Zacar\u00edas (Movimiento Social Entrerriano). En el&#8230;<\/p>\n","protected":false},"author":3,"featured_media":60838,"comment_status":"closed","ping_status":"closed","sticky":false,"template":"","format":"standard","meta":[],"categories":[15],"tags":[],"_links":{"self":[{"href":"https:\/\/www.actualidadadiario.com\/index.php\/wp-json\/wp\/v2\/posts\/60837"}],"collection":[{"href":"https:\/\/www.actualidadadiario.com\/index.php\/wp-json\/wp\/v2\/posts"}],"about":[{"href":"https:\/\/www.actualidadadiario.com\/index.php\/wp-json\/wp\/v2\/types\/post"}],"author":[{"embeddable":true,"href":"https:\/\/www.actualidadadiario.com\/index.php\/wp-json\/wp\/v2\/users\/3"}],"replies":[{"embeddable":true,"href":"https:\/\/www.actualidadadiario.com\/index.php\/wp-json\/wp\/v2\/comments?post=60837"}],"version-history":[{"count":1,"href":"https:\/\/www.actualidadadiario.com\/index.php\/wp-json\/wp\/v2\/posts\/60837\/revisions"}],"predecessor-version":[{"id":60839,"href":"https:\/\/www.actualidadadiario.com\/index.php\/wp-json\/wp\/v2\/posts\/60837\/revisions\/60839"}],"wp:featuredmedia":[{"embeddable":true,"href":"https:\/\/www.actualidadadiario.com\/index.php\/wp-json\/wp\/v2\/media\/60838"}],"wp:attachment":[{"href":"https:\/\/www.actualidadadiario.com\/index.php\/wp-json\/wp\/v2\/media?parent=60837"}],"wp:term":[{"taxonomy":"category","embeddable":true,"href":"https:\/\/www.actualidadadiario.com\/index.php\/wp-json\/wp\/v2\/categories?post=60837"},{"taxonomy":"post_tag","embeddable":true,"href":"https:\/\/www.actualidadadiario.com\/index.php\/wp-json\/wp\/v2\/tags?post=60837"}],"curies":[{"name":"wp","href":"https:\/\/api.w.org\/{rel}","templated":true}]}}