{"id":60835,"date":"2020-04-30T12:11:44","date_gmt":"2020-04-30T15:11:44","guid":{"rendered":"https:\/\/www.actualidadadiario.com\/?p=60835"},"modified":"2020-04-30T12:11:44","modified_gmt":"2020-04-30T15:11:44","slug":"sin-modificaciones-en-el-calendario-escolar","status":"publish","type":"post","link":"https:\/\/www.actualidadadiario.com\/index.php\/2020\/04\/30\/sin-modificaciones-en-el-calendario-escolar\/","title":{"rendered":"Sin modificaciones en el calendario escolar"},"content":{"rendered":"<p style=\"text-align: center;\"><em><strong>As\u00ed lo confirm\u00f3 el Presidente del Consejo de Educaci\u00f3n de Entre R\u00edos, Mart\u00edn M\u00fcller, quien agreg\u00f3: \u201cNuestro criterio es estrictamente sanitario, estamos en sinton\u00eda con el Ministerio nacional y las decisiones se har\u00e1n en conjunto\u201d<\/strong><\/em><\/p>\n<p>&nbsp;<\/p>\n<p>&nbsp;<\/p>\n<p>\u201cEl ciclo no est\u00e1 perdido y se trabajar\u00e1 r\u00e1pidamente para recuperar tiempo\u201d asegur\u00f3 M\u00fcller, quien reiter\u00f3: \u201cNo hay definiciones sobre modificaci\u00f3n de calendario escolar ni queremos dar definiciones al respecto\u201d.<\/p>\n<p>Acto seguido se\u00f1alo que \u201ceste lunes ingresamos en la tercera etapa de este per\u00edodo excepcional, que ser\u00eda de evaluaci\u00f3n\u201d, por lo que \u201cdebemos transmitir tranquilidad sobre las calificaciones que no ser\u00e1n num\u00e9ricas, aunque eso no implica que no se pueda evaluar el trabajo realizado por los docentes y la familia\u201d, coment\u00f3.<\/p>\n<p>\u201cNosotros concebimos la evaluaci\u00f3n en modo formativo ya que no todos tienen la misma posibilidad de acceso a los contenidos o de acompa\u00f1amiento a los chicos, por lo que consideramos injusta a la evaluaci\u00f3n num\u00e9rica y por eso se har\u00e1 de modo cualitativo\u201d, explic\u00f3 luego.<\/p>\n<p>En esta l\u00ednea aclar\u00f3: \u201cEsto implica que se realizar\u00e1n informes escritos por parte de los docentes para ver c\u00f3mo ha sido el avance durante este per\u00edodo\u201d.<\/p>\n<p>En cuanto a la igualdad de acceso a la educaci\u00f3n, tambi\u00e9n confirm\u00f3 que este lunes se ha firmado la resoluci\u00f3n 898 del CGE, \u201cque nos permite designar docentes en horas c\u00e1tedras cuyos titulares est\u00e9n con uso de licencias, en virtud de la necesidad de que los alumnos tengas garantizados el derecho a ser educados\u201d, coment\u00f3.<\/p>\n<p>&nbsp;<\/p>\n<p><strong>Material<\/strong><\/p>\n<p>Por \u00faltimo se consult\u00f3 a M\u00fcller sobre el modo de trabajo durante este tiempo as\u00ed como la distribuci\u00f3n de materiales de estudio, a lo que expres\u00f3: \u201cNosotros tenemos un trabajo con los supervisores por aula virtual donde consensuamos el modo en que llega el contenido\u201d, por lo que \u201cse trabaja con mucha autonom\u00eda\u201d, indic\u00f3.<\/p>\n<p>Acto seguido reconoci\u00f3 que las redes sociales y los grupos de face \u201cse han utilizado mucho, y tambi\u00e9n vemos que en algunos niveles ha habido un exceso de contenidos, por lo que reafirmamos que hoy la prioridad tiene que estar puesta en la salud\u201d, concluy\u00f3.<\/p>\n","protected":false},"excerpt":{"rendered":"<p>As\u00ed lo confirm\u00f3 el Presidente del Consejo de Educaci\u00f3n de Entre R\u00edos, Mart\u00edn M\u00fcller, quien agreg\u00f3: \u201cNuestro criterio es estrictamente sanitario, estamos en sinton\u00eda con el Ministerio nacional y las decisiones se har\u00e1n en conjunto\u201d &nbsp; &nbsp; \u201cEl ciclo no est\u00e1 perdido y se trabajar\u00e1 r\u00e1pidamente para recuperar tiempo\u201d asegur\u00f3 M\u00fcller, quien reiter\u00f3: \u201cNo hay definiciones sobre modificaci\u00f3n de calendario escolar ni queremos dar definiciones al respecto\u201d. Acto seguido se\u00f1alo que \u201ceste lunes ingresamos en la tercera etapa de este per\u00edodo excepcional, que ser\u00eda de evaluaci\u00f3n\u201d, por lo que \u201cdebemos&#8230;<\/p>\n","protected":false},"author":3,"featured_media":24462,"comment_status":"closed","ping_status":"closed","sticky":false,"template":"","format":"standard","meta":[],"categories":[15],"tags":[],"_links":{"self":[{"href":"https:\/\/www.actualidadadiario.com\/index.php\/wp-json\/wp\/v2\/posts\/60835"}],"collection":[{"href":"https:\/\/www.actualidadadiario.com\/index.php\/wp-json\/wp\/v2\/posts"}],"about":[{"href":"https:\/\/www.actualidadadiario.com\/index.php\/wp-json\/wp\/v2\/types\/post"}],"author":[{"embeddable":true,"href":"https:\/\/www.actualidadadiario.com\/index.php\/wp-json\/wp\/v2\/users\/3"}],"replies":[{"embeddable":true,"href":"https:\/\/www.actualidadadiario.com\/index.php\/wp-json\/wp\/v2\/comments?post=60835"}],"version-history":[{"count":1,"href":"https:\/\/www.actualidadadiario.com\/index.php\/wp-json\/wp\/v2\/posts\/60835\/revisions"}],"predecessor-version":[{"id":60836,"href":"https:\/\/www.actualidadadiario.com\/index.php\/wp-json\/wp\/v2\/posts\/60835\/revisions\/60836"}],"wp:featuredmedia":[{"embeddable":true,"href":"https:\/\/www.actualidadadiario.com\/index.php\/wp-json\/wp\/v2\/media\/24462"}],"wp:attachment":[{"href":"https:\/\/www.actualidadadiario.com\/index.php\/wp-json\/wp\/v2\/media?parent=60835"}],"wp:term":[{"taxonomy":"category","embeddable":true,"href":"https:\/\/www.actualidadadiario.com\/index.php\/wp-json\/wp\/v2\/categories?post=60835"},{"taxonomy":"post_tag","embeddable":true,"href":"https:\/\/www.actualidadadiario.com\/index.php\/wp-json\/wp\/v2\/tags?post=60835"}],"curies":[{"name":"wp","href":"https:\/\/api.w.org\/{rel}","templated":true}]}}