{"id":60832,"date":"2020-04-30T12:10:27","date_gmt":"2020-04-30T15:10:27","guid":{"rendered":"https:\/\/www.actualidadadiario.com\/?p=60832"},"modified":"2020-04-30T12:10:27","modified_gmt":"2020-04-30T15:10:27","slug":"por-primera-vez-en-su-historia-el-senado-provincial-sesiono-por-videoconferencia","status":"publish","type":"post","link":"https:\/\/www.actualidadadiario.com\/index.php\/2020\/04\/30\/por-primera-vez-en-su-historia-el-senado-provincial-sesiono-por-videoconferencia\/","title":{"rendered":"Por primera vez en su historia, el Senado provincial sesion\u00f3 por videoconferencia"},"content":{"rendered":"<p style=\"text-align: center;\"><em><strong>La C\u00e1mara de Senadores de la provincia tuvo este mi\u00e9rcoles la primera sesi\u00f3n de su historia por videoconferencia, respetando las recomendaciones sanitarias en el marco de la pandemia generada por el nuevo coronavirus COVID 19<\/strong><\/em><\/p>\n<p>&nbsp;<\/p>\n<p>&nbsp;<\/p>\n<p>En el marco de la aplicaci\u00f3n del aislamiento social preventivo y obligatorio que se aplica en Entre R\u00edos, la de este mi\u00e9rcoles fue la tercera sesi\u00f3n ordinaria del 141 Per\u00edodo Legislativo.<\/p>\n<p>En ese contexto, la vicegobernador Laura Stratta destac\u00f3 la importancia de la sesi\u00f3n. \u201cNos adaptamos a las actuales circunstancias sabiendo que lo importante es no dejar de debatir ideas y justamente estos son los espacios donde hacerlo. Quiero agradecerles a cada uno de ustedes esta comprensi\u00f3n y este acompa\u00f1amiento. Agradecerle al equipo del Senado, a los funcionarios y trabajadores que posibilitaron que hoy podamos estar ac\u00e1, pudiendo sesionar con este soporte virtual\u201d, precis\u00f3 la presidenta del Senado.<\/p>\n<p>Y agreg\u00f3: \u201cQuiero agradecerle al Escribano Mayor de Gobierno que hoy est\u00e1 ac\u00e1 para dotar de mayor calidad institucional este proceso, que seguramente en alg\u00fan momento contaremos a nuestros hijos y a nuestros nietos; y al que lo protagonizamos nosotros, dici\u00e9ndoles que estuvimos a la altura de las circunstancias, pudiendo dar el ejemplo, pudiendo seguir en este camino de construcci\u00f3n y fortalecimiento de las instituciones de la democracia. Muchas gracias a cada uno de ustedes que hicieron posible llegar a esta primera sesi\u00f3n bajo esta modalidad, que es in\u00e9dita e hist\u00f3rica\u201d, remarc\u00f3.<\/p>\n<p>&nbsp;<\/p>\n<p><strong>Cambios al reglamento<\/strong><\/p>\n<p>La primera acci\u00f3n del cuerpo fue la de aprobar los cambios reglamentarios que permiten sesionar en forma remota, generando as\u00ed -en forma previa a su aplicaci\u00f3n- el marco legal necesario. Se hizo como producto del entendimiento alcanzado por la vicegobernadora con los presidentes de los bloques de Senadores del Frente Justicialistas Creer Entre R\u00edos), Armando Gay, y de Cambiemos), Francisco Morchio.<\/p>\n<p>Con esta novedosa modalidad que se aplica en cuerpos colegiados de todos los niveles, a los efectos de respetar las disposiciones de las autoridades sanitarias de cada jurisdicci\u00f3n y mantener el funcionamiento de las Instituciones de la democracia, sesion\u00f3 esta tarde la C\u00e1mara de Senadores de Entre R\u00edos.<\/p>\n<p>&nbsp;<\/p>\n<p><strong>La sesi\u00f3n<\/strong><\/p>\n<p>Todos los legisladores estuvieron conectados desde sus domicilios en sus respectivos departamentos mientras que en el recinto se encontraban los presidentes de los dos bloques legislativos que conforman el cuerpo. Asistieron a la presidenta del Senado el secretario y pro secretario, Lautaro Schiavoni y Leonardo Centuri\u00f3n, respectivamente. Durante la sesi\u00f3n, se aprob\u00f3 la ley de identidad originaria.<\/p>\n","protected":false},"excerpt":{"rendered":"<p>La C\u00e1mara de Senadores de la provincia tuvo este mi\u00e9rcoles la primera sesi\u00f3n de su historia por videoconferencia, respetando las recomendaciones sanitarias en el marco de la pandemia generada por el nuevo coronavirus COVID 19 &nbsp; &nbsp; En el marco de la aplicaci\u00f3n del aislamiento social preventivo y obligatorio que se aplica en Entre R\u00edos, la de este mi\u00e9rcoles fue la tercera sesi\u00f3n ordinaria del 141 Per\u00edodo Legislativo. En ese contexto, la vicegobernador Laura Stratta destac\u00f3 la importancia de la sesi\u00f3n. \u201cNos adaptamos a las actuales circunstancias sabiendo que lo&#8230;<\/p>\n","protected":false},"author":3,"featured_media":60833,"comment_status":"closed","ping_status":"closed","sticky":false,"template":"","format":"standard","meta":[],"categories":[9],"tags":[],"_links":{"self":[{"href":"https:\/\/www.actualidadadiario.com\/index.php\/wp-json\/wp\/v2\/posts\/60832"}],"collection":[{"href":"https:\/\/www.actualidadadiario.com\/index.php\/wp-json\/wp\/v2\/posts"}],"about":[{"href":"https:\/\/www.actualidadadiario.com\/index.php\/wp-json\/wp\/v2\/types\/post"}],"author":[{"embeddable":true,"href":"https:\/\/www.actualidadadiario.com\/index.php\/wp-json\/wp\/v2\/users\/3"}],"replies":[{"embeddable":true,"href":"https:\/\/www.actualidadadiario.com\/index.php\/wp-json\/wp\/v2\/comments?post=60832"}],"version-history":[{"count":1,"href":"https:\/\/www.actualidadadiario.com\/index.php\/wp-json\/wp\/v2\/posts\/60832\/revisions"}],"predecessor-version":[{"id":60834,"href":"https:\/\/www.actualidadadiario.com\/index.php\/wp-json\/wp\/v2\/posts\/60832\/revisions\/60834"}],"wp:featuredmedia":[{"embeddable":true,"href":"https:\/\/www.actualidadadiario.com\/index.php\/wp-json\/wp\/v2\/media\/60833"}],"wp:attachment":[{"href":"https:\/\/www.actualidadadiario.com\/index.php\/wp-json\/wp\/v2\/media?parent=60832"}],"wp:term":[{"taxonomy":"category","embeddable":true,"href":"https:\/\/www.actualidadadiario.com\/index.php\/wp-json\/wp\/v2\/categories?post=60832"},{"taxonomy":"post_tag","embeddable":true,"href":"https:\/\/www.actualidadadiario.com\/index.php\/wp-json\/wp\/v2\/tags?post=60832"}],"curies":[{"name":"wp","href":"https:\/\/api.w.org\/{rel}","templated":true}]}}