{"id":60829,"date":"2020-04-30T12:09:39","date_gmt":"2020-04-30T15:09:39","guid":{"rendered":"https:\/\/www.actualidadadiario.com\/?p=60829"},"modified":"2020-04-30T12:09:39","modified_gmt":"2020-04-30T15:09:39","slug":"se-prorrogo-por-120-dias-mas-la-compensacion-que-nacion-y-provincia-otorgan-a-empresas-de-transporte","status":"publish","type":"post","link":"https:\/\/www.actualidadadiario.com\/index.php\/2020\/04\/30\/se-prorrogo-por-120-dias-mas-la-compensacion-que-nacion-y-provincia-otorgan-a-empresas-de-transporte\/","title":{"rendered":"Se prorrog\u00f3 por 120 d\u00edas m\u00e1s la compensaci\u00f3n que Naci\u00f3n y provincia otorgan a empresas de transporte"},"content":{"rendered":"<p style=\"text-align: center;\"><em><strong>Se prorrog\u00f3 por 120 d\u00edas m\u00e1s la implementaci\u00f3n de la pol\u00edtica de compensaci\u00f3n que Naci\u00f3n y provincia realizan a empresas de transporte, con el fin de mantener el costo del boleto. As\u00ed lo acord\u00f3 este mi\u00e9rcoles el gobernador Gustavo Bordet con el ministro de Transporte de la Naci\u00f3n, Mario Meoni<\/strong><\/em><\/p>\n<p>&nbsp;<\/p>\n<p>&nbsp;<\/p>\n<p>El gobernador Bordet y la vicegobernadora Laura Stratta mantuvieron este mi\u00e9rcoles una videoconferencia con el ministro de Transporte de Naci\u00f3n, Mario Meoni. Tambi\u00e9n estuvieron presentes el senador nacional Edgardo Kueider; los ministros de Planeamiento, Marcelo Richard, y de Econom\u00eda, Hugo Ballay, y el secretario de Transporte de la provincia, N\u00e9stor Landra.<\/p>\n<p>Tras la videoconferencia, el ministro de Planeamiento, Marcelo Richard, inform\u00f3 que se analizaron diversos aspectos que afectan a la provincia y la modalidad que se ir\u00e1 adoptando para salir progresivamente de la situaci\u00f3n.<\/p>\n<p>Luego mencion\u00f3 que se est\u00e1 pagando en tiempo y en forma los montos en concepto de compensaci\u00f3n tanto por parte de Naci\u00f3n, como de la provincia, y agreg\u00f3 que a partir de la pr\u00f3rroga del convenio, se continuar\u00e1 con este sistema.<\/p>\n<p>Tambi\u00e9n las autoridades conversaron sobre el convenio de compensaciones que Naci\u00f3n mantiene con las provincias, y a partir de ah\u00ed el resto de los aspectos de transporte urbano, medio y larga distancia, adem\u00e1s de interprovincial e internacional. Esto incluy\u00f3 el ferrocarril, aeropuertos y los puertos en la provincia.<\/p>\n<p>&#8220;Fue una reuni\u00f3n muy amplia donde se acordaron algunos aspectos de lo definido como prioritario que es la ampliaci\u00f3n de este convenio para poder responder a diversas empresas y al transporte en general&#8221;, indic\u00f3 Richard.<\/p>\n<p>Por su parte, el secretario de Transporte, N\u00e9stor Landra, inform\u00f3 que la pol\u00edtica de compensaciones, a ra\u00edz de la emergencia sanitaria, se prorrogar\u00e1 por 120 d\u00edas m\u00e1s, manteniendo los mismos montos. &#8220;Naci\u00f3n estar\u00e1 aportando los mismos fondos que ven\u00eda haciendo, y se mantiene congelada las tarifas por este plazo&#8221;, precis\u00f3. Con eso se confirm\u00f3 que se mantiene por 120 d\u00edas m\u00e1s este sistema, puesto que oportunamente se hab\u00eda analizado adoptar otro.<\/p>\n<p>En relaci\u00f3n a la compensaci\u00f3n en s\u00ed, Landra explic\u00f3 que &#8220;es un subsidio que aporta Naci\u00f3n y la provincia. Son recursos para solventar costos y, de esa manera, abaratar el boleto del pasajero\u201d.<\/p>\n<p>Tras la videoconferencia se supo tambi\u00e9n sobre la disposici\u00f3n de fondos para solventar los salarios de los empleados de distintas empresas. En ese sentido, Landra se refiri\u00f3 a los tr\u00e1mites que llevan adelante diversas empresas en relaci\u00f3n a las l\u00edneas crediticias dispuesta por el gobierno para enfrentar las dificultades que impuso la emergencia. Incluso precis\u00f3 que desde el Ministerio de Planeamiento se est\u00e1n realizando gestiones para incluir empresas que inicialmente no fueron comprendidas en la pol\u00edtica de compensaci\u00f3n.<\/p>\n","protected":false},"excerpt":{"rendered":"<p>Se prorrog\u00f3 por 120 d\u00edas m\u00e1s la implementaci\u00f3n de la pol\u00edtica de compensaci\u00f3n que Naci\u00f3n y provincia realizan a empresas de transporte, con el fin de mantener el costo del boleto. As\u00ed lo acord\u00f3 este mi\u00e9rcoles el gobernador Gustavo Bordet con el ministro de Transporte de la Naci\u00f3n, Mario Meoni &nbsp; &nbsp; El gobernador Bordet y la vicegobernadora Laura Stratta mantuvieron este mi\u00e9rcoles una videoconferencia con el ministro de Transporte de Naci\u00f3n, Mario Meoni. Tambi\u00e9n estuvieron presentes el senador nacional Edgardo Kueider; los ministros de Planeamiento, Marcelo Richard, y de&#8230;<\/p>\n","protected":false},"author":3,"featured_media":60830,"comment_status":"closed","ping_status":"closed","sticky":false,"template":"","format":"standard","meta":[],"categories":[9],"tags":[],"_links":{"self":[{"href":"https:\/\/www.actualidadadiario.com\/index.php\/wp-json\/wp\/v2\/posts\/60829"}],"collection":[{"href":"https:\/\/www.actualidadadiario.com\/index.php\/wp-json\/wp\/v2\/posts"}],"about":[{"href":"https:\/\/www.actualidadadiario.com\/index.php\/wp-json\/wp\/v2\/types\/post"}],"author":[{"embeddable":true,"href":"https:\/\/www.actualidadadiario.com\/index.php\/wp-json\/wp\/v2\/users\/3"}],"replies":[{"embeddable":true,"href":"https:\/\/www.actualidadadiario.com\/index.php\/wp-json\/wp\/v2\/comments?post=60829"}],"version-history":[{"count":1,"href":"https:\/\/www.actualidadadiario.com\/index.php\/wp-json\/wp\/v2\/posts\/60829\/revisions"}],"predecessor-version":[{"id":60831,"href":"https:\/\/www.actualidadadiario.com\/index.php\/wp-json\/wp\/v2\/posts\/60829\/revisions\/60831"}],"wp:featuredmedia":[{"embeddable":true,"href":"https:\/\/www.actualidadadiario.com\/index.php\/wp-json\/wp\/v2\/media\/60830"}],"wp:attachment":[{"href":"https:\/\/www.actualidadadiario.com\/index.php\/wp-json\/wp\/v2\/media?parent=60829"}],"wp:term":[{"taxonomy":"category","embeddable":true,"href":"https:\/\/www.actualidadadiario.com\/index.php\/wp-json\/wp\/v2\/categories?post=60829"},{"taxonomy":"post_tag","embeddable":true,"href":"https:\/\/www.actualidadadiario.com\/index.php\/wp-json\/wp\/v2\/tags?post=60829"}],"curies":[{"name":"wp","href":"https:\/\/api.w.org\/{rel}","templated":true}]}}