{"id":60824,"date":"2020-04-29T12:24:31","date_gmt":"2020-04-29T15:24:31","guid":{"rendered":"https:\/\/www.actualidadadiario.com\/?p=60824"},"modified":"2020-04-29T12:24:31","modified_gmt":"2020-04-29T15:24:31","slug":"coronavirus-casos-de-trasmision-comunitaria-superan-a-importados-y-haran-tests-rapidos-en-todo-el-pais","status":"publish","type":"post","link":"https:\/\/www.actualidadadiario.com\/index.php\/2020\/04\/29\/coronavirus-casos-de-trasmision-comunitaria-superan-a-importados-y-haran-tests-rapidos-en-todo-el-pais\/","title":{"rendered":"Coronavirus: casos de trasmisi\u00f3n comunitaria superan a importados y har\u00e1n tests r\u00e1pidos en todo el pa\u00eds"},"content":{"rendered":"<p style=\"text-align: center;\"><em><strong>La secretaria de Acceso a la Salud se refiri\u00f3 a las pruebas r\u00e1pidas que hoy se iniciaron en Retiro. Confirm\u00f3 que ese ser\u00e1 uno de los ejes de la reuni\u00f3n de COFESA, as\u00ed como el an\u00e1lisis del aislamiento por segmentaci\u00f3n geogr\u00e1fica<\/strong><\/em><\/p>\n<p>&nbsp;<\/p>\n<p>&nbsp;<\/p>\n<p>&nbsp;<\/p>\n<p>La secretaria de Acceso a la Salud, Carla Vizzotti se\u00f1al\u00f3 durante el parte diario del Ministerio de Salud emitido desde Casa Rosada que se tiene como objetivo descentralizar los llamados \u201ctests r\u00e1pidos\u201d para detectar anticuerpos del coronavirus a \u201clos puntos de alto tr\u00e1nsito de las 24 jurisdicciones del pa\u00eds, para obtener datos a nivel nacional sobre cu\u00e1ntas personas estuvieron en contacto con el virus SARS-CoV-2\u201d.<\/p>\n<p>La cartera de Salud ya hab\u00eda informado previamente que los test de anticuerpos, en este caso r\u00e1pidos, no son pruebas diagn\u00f3sticas y significan que si una persona recibe un resultado positivo, en alg\u00fan momento tuvo contacto con el nuevo coronavirus y respondi\u00f3 generando anticuerpos. En tanto, si da negativo significa que esa persona todav\u00eda no ha estado expuesta al SARS-CoV-2 o estuvo expuesto recientemente y a\u00fan no ha generado una reacci\u00f3n de su sistema inmune.<\/p>\n<p>Estas pruebas ya se realizan desde este mi\u00e9rcoles en la estaci\u00f3n Retiro y llegar\u00e1n a la terminal de trenes de Once en los pr\u00f3ximos d\u00edas. El testeo es voluntario y an\u00f3nimo y el resultado se obtiene tras esperar entre 15 y 20 minutos. \u201c<\/p>\n<p>Ya se realizaron 425 testeos r\u00e1pidos en Constituci\u00f3n y el 100% de ellos dio negativo\u201d, se\u00f1al\u00f3 Vizzotti.<\/p>\n<p>A la vez, la funcionaria destac\u00f3 que \u201ctanto la descentralizaci\u00f3n de test de anticuerpos a las 24 jurisdicciones del pa\u00eds para reforzar el panorama al nivel nacional y el an\u00e1lisis de la fase del aislamiento llamada \u2018segmentaci\u00f3n geogr\u00e1fica\u2019 ser\u00e1n los ejes de la reuni\u00f3n de hoy del Consejo Federal de Salud (COFESA) encabezada por el Ministro de Salud, Gin\u00e9s Gonz\u00e1lez Garc\u00eda\u201d.<\/p>\n<p>En el pa\u00eds se registran 4.127 casos de Covid-19, enfermedad causada por el nuevo coronavirus SARS-CoV-2. De ese total, 2.728 a\u00fan cursan la infecci\u00f3n, mientras que los recuperados ascienden a 1.192, lo que representa un 29% del total. Los fallecidos ya suman 207, tras las diez muertes registradas ayer.<\/p>\n<p>Respecto a los confirmados, \u201c909 (22%) son importados, 1.766 (42,8%) son contactos estrechos de casos confirmados, 984 (23,8%) son casos de circulaci\u00f3n comunitaria y el resto se encuentra en investigaci\u00f3n epidemiol\u00f3gica\u201d, seg\u00fan confirm\u00f3 el subsecretario de Estrategias Sanitarias, Alejandro Costa. As\u00ed, los casos de circulaci\u00f3n comunitaria superan a los importados.<\/p>\n<p>Ayer fueron concretadas 2.458 nuevas muestras (el 9% de ellas en el Instituto ANLIS Malbr\u00e1n y las restantes en la red de laboratorios p\u00fablicos y privados habilitados para testear Covid-19).<\/p>\n<p>Desde el inicio del brote se realizaron 56.058 pruebas diagn\u00f3sticas para esta enfermedad, lo que equivale a 1.235,4 muestras por mill\u00f3n de habitantes. El n\u00famero de casos descartados es de 43.322, tanto por laboratorio como por criterio cl\u00ednico y epidemiol\u00f3gico.<\/p>\n","protected":false},"excerpt":{"rendered":"<p>La secretaria de Acceso a la Salud se refiri\u00f3 a las pruebas r\u00e1pidas que hoy se iniciaron en Retiro. Confirm\u00f3 que ese ser\u00e1 uno de los ejes de la reuni\u00f3n de COFESA, as\u00ed como el an\u00e1lisis del aislamiento por segmentaci\u00f3n geogr\u00e1fica &nbsp; &nbsp; &nbsp; La secretaria de Acceso a la Salud, Carla Vizzotti se\u00f1al\u00f3 durante el parte diario del Ministerio de Salud emitido desde Casa Rosada que se tiene como objetivo descentralizar los llamados \u201ctests r\u00e1pidos\u201d para detectar anticuerpos del coronavirus a \u201clos puntos de alto tr\u00e1nsito de las 24&#8230;<\/p>\n","protected":false},"author":3,"featured_media":60825,"comment_status":"closed","ping_status":"closed","sticky":false,"template":"","format":"standard","meta":[],"categories":[4],"tags":[],"_links":{"self":[{"href":"https:\/\/www.actualidadadiario.com\/index.php\/wp-json\/wp\/v2\/posts\/60824"}],"collection":[{"href":"https:\/\/www.actualidadadiario.com\/index.php\/wp-json\/wp\/v2\/posts"}],"about":[{"href":"https:\/\/www.actualidadadiario.com\/index.php\/wp-json\/wp\/v2\/types\/post"}],"author":[{"embeddable":true,"href":"https:\/\/www.actualidadadiario.com\/index.php\/wp-json\/wp\/v2\/users\/3"}],"replies":[{"embeddable":true,"href":"https:\/\/www.actualidadadiario.com\/index.php\/wp-json\/wp\/v2\/comments?post=60824"}],"version-history":[{"count":1,"href":"https:\/\/www.actualidadadiario.com\/index.php\/wp-json\/wp\/v2\/posts\/60824\/revisions"}],"predecessor-version":[{"id":60826,"href":"https:\/\/www.actualidadadiario.com\/index.php\/wp-json\/wp\/v2\/posts\/60824\/revisions\/60826"}],"wp:featuredmedia":[{"embeddable":true,"href":"https:\/\/www.actualidadadiario.com\/index.php\/wp-json\/wp\/v2\/media\/60825"}],"wp:attachment":[{"href":"https:\/\/www.actualidadadiario.com\/index.php\/wp-json\/wp\/v2\/media?parent=60824"}],"wp:term":[{"taxonomy":"category","embeddable":true,"href":"https:\/\/www.actualidadadiario.com\/index.php\/wp-json\/wp\/v2\/categories?post=60824"},{"taxonomy":"post_tag","embeddable":true,"href":"https:\/\/www.actualidadadiario.com\/index.php\/wp-json\/wp\/v2\/tags?post=60824"}],"curies":[{"name":"wp","href":"https:\/\/api.w.org\/{rel}","templated":true}]}}