{"id":60821,"date":"2020-04-29T12:23:44","date_gmt":"2020-04-29T15:23:44","guid":{"rendered":"https:\/\/www.actualidadadiario.com\/?p=60821"},"modified":"2020-04-29T12:23:44","modified_gmt":"2020-04-29T15:23:44","slug":"que-quieren-que-haga-la-cinica-frase-de-bolsonaro-ante-los-muertos-por-coronavirus","status":"publish","type":"post","link":"https:\/\/www.actualidadadiario.com\/index.php\/2020\/04\/29\/que-quieren-que-haga-la-cinica-frase-de-bolsonaro-ante-los-muertos-por-coronavirus\/","title":{"rendered":"&#8220;\u00bfQu\u00e9 quieren que haga?&#8221;: la c\u00ednica frase de Bolsonaro ante los muertos por coronavirus"},"content":{"rendered":"<p style=\"text-align: center;\"><em><strong>Luego de que su pa\u00eds registrara el r\u00e9cord de 474 muertes en un d\u00eda por covid-19, el mandatario brasile\u00f1o eligi\u00f3 burlarse ante la pregunta de una periodista. &#8220;Soy Mes\u00edas pero no hago milagros&#8221;, lanz\u00f3 y agreg\u00f3 que &#8220;la vida es as\u00ed&#8221;. Desde el comienzo de la pandemia Bolsonaro se opone a las cuarentenas en distintos estados y minimiza el impacto de lo que llama una &#8220;gripecita&#8221;<\/strong><\/em><\/p>\n<p>&nbsp;<\/p>\n<p>&nbsp;<\/p>\n<p>El presidente de Brasil, Jair Bolsonaro, volvi\u00f3 a sorprender por su falta de sensibilidad ante la pandemia de coronavirus en su pa\u00eds. Una periodista le consult\u00f3 por el nuevo r\u00e9cord de muertes diarias, 474 en las \u00faltimas 24 horas, y respondi\u00f3 que &#8220;as\u00ed es la vida&#8221;. &#8220;\u00bfQu\u00e9 quieren que haga?&#8221;, complet\u00f3.<\/p>\n<p>Brasil ya super\u00f3 los 5 mil muertos desde el inicio de la pandemia de covid-19, pero para Bolsonaro no es un tema. &#8220;\u00bfY qu\u00e9? Lo lamento. \u00bfQu\u00e9 quieren que haga?&#8221;, dijo el presidente que en otra ocasi\u00f3n calific\u00f3 al virus como &#8220;una gripecita&#8221;. En los \u00faltimos d\u00edas sostuvo que no ten\u00eda sentido realizar la cuarentena &#8220;porque igual todos se van a enfermar de coronavirus&#8221;.<\/p>\n<p>&#8220;Lo lamento por los que perdieron a sus seres queridos pero as\u00ed es la vida&#8221;, coment\u00f3 el presidente brasile\u00f1o a un grupo de periodistas. &#8220;Soy Mes\u00edas -por su segundo nombre-, pero no hago milagros. La vida es as\u00ed. Ma\u00f1ana ser\u00e9 yo y espero que me llegue de la manera m\u00e1s digna posible y dejar una buena imagen&#8221;, cerr\u00f3 el ultraderechista.<\/p>\n<p>Cuestionado por su manejo de la crisis sanitaria, a Bolsonaro se le abri\u00f3 recientemente un frente judicial luego de que un juez del Supremo Tribunal Federal (STF) decidiera abrir una investigaci\u00f3n por las denuncias realizadas por el ex ministro de Justicia y Seguridad P\u00fablica, Sergio Moro.<\/p>\n<p>El renunciante Moro dijo que el presidente brasile\u00f1o pretend\u00eda manipular las investigaciones que lleva adelante la Polic\u00eda Federal contra sus hijos.<\/p>\n<p>&nbsp;<\/p>\n<p><strong>R\u00e9cord de muertes y &#8220;agravamiento de la situaci\u00f3n&#8221;<\/strong><\/p>\n<p>Mientras el presidente Bolsonaro eligi\u00f3 burlarse de las m\u00e1s de 5 mil muertes registradas por el coronavirus en el pa\u00eds, el nuevo ministro de Salud brasile\u00f1o asegur\u00f3 que se trata de un &#8220;agravamiento de la situaci\u00f3n&#8221; en las regiones m\u00e1s afectadas.<\/p>\n<p>&#8220;Tenemos que abordar esto como un problema, como una curva que viene creciendo, como un agravamiento de la situaci\u00f3n&#8221;, declar\u00f3 el ministro Nelson Teich en una breve rueda de prensa en Brasilia. Precis\u00f3 que ese agravamiento &#8220;sigue restringido&#8221; a estados que est\u00e1n viviendo &#8220;mayores dificultades&#8221;, como Sao Paulo, Rio de Janeiro, Pernambuco, Cear\u00e1 y Amazonas.<\/p>\n<p>Sao Paulo, que concentra 45% de los casos, lanz\u00f3 un alerta para que la poblaci\u00f3n se quede en sus casas ya que en la capital hom\u00f3nima y en su cord\u00f3n industrial la ocupaci\u00f3n de terapia intensiva era de 80%. Zonas de favelas tienen sus hospitales colapsados en el norte y el este de la ciudad, la mayor urbe de Brasil y Am\u00e9rica del Sur.<\/p>\n<p>Teich reemplaz\u00f3 hace dos semanas a Luiz Henrique Mandetta, destituido por Bolsonaro luego de que el entonces ministro respaldara las medidas de aislamiento social dictadas por la mayor\u00eda de los gobernadores y rechazadas por el presidente de ultraderecha.<\/p>\n","protected":false},"excerpt":{"rendered":"<p>Luego de que su pa\u00eds registrara el r\u00e9cord de 474 muertes en un d\u00eda por covid-19, el mandatario brasile\u00f1o eligi\u00f3 burlarse ante la pregunta de una periodista. &#8220;Soy Mes\u00edas pero no hago milagros&#8221;, lanz\u00f3 y agreg\u00f3 que &#8220;la vida es as\u00ed&#8221;. Desde el comienzo de la pandemia Bolsonaro se opone a las cuarentenas en distintos estados y minimiza el impacto de lo que llama una &#8220;gripecita&#8221; &nbsp; &nbsp; El presidente de Brasil, Jair Bolsonaro, volvi\u00f3 a sorprender por su falta de sensibilidad ante la pandemia de coronavirus en su pa\u00eds&#8230;.<\/p>\n","protected":false},"author":3,"featured_media":60822,"comment_status":"closed","ping_status":"closed","sticky":false,"template":"","format":"standard","meta":[],"categories":[4],"tags":[],"_links":{"self":[{"href":"https:\/\/www.actualidadadiario.com\/index.php\/wp-json\/wp\/v2\/posts\/60821"}],"collection":[{"href":"https:\/\/www.actualidadadiario.com\/index.php\/wp-json\/wp\/v2\/posts"}],"about":[{"href":"https:\/\/www.actualidadadiario.com\/index.php\/wp-json\/wp\/v2\/types\/post"}],"author":[{"embeddable":true,"href":"https:\/\/www.actualidadadiario.com\/index.php\/wp-json\/wp\/v2\/users\/3"}],"replies":[{"embeddable":true,"href":"https:\/\/www.actualidadadiario.com\/index.php\/wp-json\/wp\/v2\/comments?post=60821"}],"version-history":[{"count":1,"href":"https:\/\/www.actualidadadiario.com\/index.php\/wp-json\/wp\/v2\/posts\/60821\/revisions"}],"predecessor-version":[{"id":60823,"href":"https:\/\/www.actualidadadiario.com\/index.php\/wp-json\/wp\/v2\/posts\/60821\/revisions\/60823"}],"wp:featuredmedia":[{"embeddable":true,"href":"https:\/\/www.actualidadadiario.com\/index.php\/wp-json\/wp\/v2\/media\/60822"}],"wp:attachment":[{"href":"https:\/\/www.actualidadadiario.com\/index.php\/wp-json\/wp\/v2\/media?parent=60821"}],"wp:term":[{"taxonomy":"category","embeddable":true,"href":"https:\/\/www.actualidadadiario.com\/index.php\/wp-json\/wp\/v2\/categories?post=60821"},{"taxonomy":"post_tag","embeddable":true,"href":"https:\/\/www.actualidadadiario.com\/index.php\/wp-json\/wp\/v2\/tags?post=60821"}],"curies":[{"name":"wp","href":"https:\/\/api.w.org\/{rel}","templated":true}]}}