{"id":60819,"date":"2020-04-29T12:23:02","date_gmt":"2020-04-29T15:23:02","guid":{"rendered":"https:\/\/www.actualidadadiario.com\/?p=60819"},"modified":"2020-04-29T12:23:02","modified_gmt":"2020-04-29T15:23:02","slug":"bolsonaro-y-moro-en-la-mira-de-la-justicia","status":"publish","type":"post","link":"https:\/\/www.actualidadadiario.com\/index.php\/2020\/04\/29\/bolsonaro-y-moro-en-la-mira-de-la-justicia\/","title":{"rendered":"Bolsonaro y Moro, en la mira de la justicia"},"content":{"rendered":"<p style=\"text-align: center;\"><em><strong>Moro rompi\u00f3 el pacto de silencio con el presidente el viernes con revelaciones serias que dieron lugar proceso iniciado de manera inusualmente r\u00e1pida por el Supremo<\/strong><\/em><\/p>\n<p>&nbsp;<\/p>\n<p>Cuando la omert\u00e1 se rompe. El Supremo Tribunal Federal abri\u00f3 una investigaci\u00f3n sobre los presuntos il\u00edcitos cometidos por Jair Bolsonaro y el exministro de Justicia y Seguridad P\u00fablica Sergio Moro. El capit\u00e1n retirado y el otrora juez de la causa Lava Jato fueron factores determinantes de una sociedad casi mafiosa &#8211;junto a jueces, editores y banqueros&#8211; que se conjur\u00f3 contra el r\u00e9gimen democr\u00e1tico, primero en el golpe que derroc\u00f3 a Dilma Rousseff en 2016 y luego en 2018 para encarcelar y posteriormente proscribir de las elecciones a Luiz In\u00e1cio Lula da Silva.<\/p>\n<p>Como hacen los arrepentidos (los &#8220;pentiti&#8221; de las pel\u00edculas de la Cosa Nostra) Moro rompi\u00f3 el pacto de silencio con el presidente el viernes renunciando al ministerio con revelaciones serias que dieron lugar al\u00a0 proceso iniciado de manera inusualmente r\u00e1pida por el Supremo. Con base en esos dichos, el fiscal general de la Rep\u00fablica, Augusto Ares, solicit\u00f3 el inicio de una investigaci\u00f3n que fue abierta este lunes por el juez Celso de Mello, el m\u00e1s antiguo miembro del Supremo.<\/p>\n<p>A siete meses de jubilarse, por cumplir la edad l\u00edmite para el cargo, De Mello demostr\u00f3 estar dispuesto a llevar adelante una pesquisa rigurosa sin los ambages de una Corte d\u00f3cil ante el poder de turno. Si su investigaci\u00f3n obtiene pruebas para imputar al presidente el caso puede derivar, dentro de algunos meses, en su separaci\u00f3n por 180 d\u00edas del cargo. Nada indica que la salida provisoria Bolsonaro est\u00e9 garantizada, pero dif\u00edcilmente alguien hubiera apostado que el pol\u00edtico de ultraderecha enfrentar\u00eda una situaci\u00f3n jur\u00eddica tan comprometida un a\u00f1o y cuatro meses despu\u00e9s de iniciado su mandato.<\/p>\n<p>Llamado &#8220;decano&#8221; del Supremo, De Mello ya ha emitido pareceres severos frente a los atropellos de Bolsonaro contra la democracia y antes lo hizo contra las maniobras ilegales de Lava Jato cuando esa causa se convirti\u00f3 en el paradigma del &#8220;lawfare&#8221;, la guerra pol\u00edtica a trav\u00e9s de medios judiciales. El dato es que, en la actual coyuntura, este magistrado est\u00e1 m\u00e1s cerca de iniciar un proceso que permita suspender a Bolsonaro de que el Congreso acepte dar cauce a alguno de los m\u00e1s de treinta pedidos de impeachment presentados en la C\u00e1mara baja. Dos de ellos redactados despu\u00e9s de la crisis disparada el viernes. Por lo pronto, el magistrado dio un plazo de hasta 60 d\u00edas para que el ahora abogado Sergio Moro \u2013-perdi\u00f3 su cargo de juez cuando asumi\u00f3 como ministro&#8211; se presente para esclarecer sus imputaciones contra Bolsonaro y las respalde con pruebas porque, de no hacerlo, podr\u00eda ser procesado por calumnias.<\/p>\n<p>El diario Folha de San Pablo public\u00f3 este martes que en el Palacio del Planalto hay algunos funcionarios temerosos de que el despechado Moro presente documentos o audios comprometedores. Al renunciar,\u00a0 Moro desat\u00f3 la peor crisis pol\u00edtica del actual r\u00e9gimen acusando a su entonces jefe de violar la ley y la Constituci\u00f3n, al requerir informes de inteligencia de la Polic\u00eda Federal en causas bajo secreto de sumario que envuelven a sus hijos, Flavio, Carlos y Eduardo.<\/p>\n<p>Moro fue m\u00e1s lejos en su delaci\u00f3n: cont\u00f3 algunos pormenores de su reuni\u00f3n con el reci\u00e9n electo Bolsonaro, en noviembre de 2018, en la que se arregl\u00f3 que la familia del responsable del Lava Jato iba a recibir una pensi\u00f3n vitalicia sostenida con fondos no revelados. Un arreglo costoso para beneficiar a Moro, sin ning\u00fan amparo legal, celebrado en los d\u00edas de euforia de fines de 2018, cuando la ultraderecha militarista festejaba junto al partido judicial la victoria sobre el Partido de los Trabajadores, derrotado en el balotaje. Borrachos de poder, ambos dieron como muerto al PT y a Lula, quien iba a &#8220;pudrirse en la c\u00e1rcel\u201d.<\/p>\n<p>Siguiendo el guion de las peleas entre &#8220;familias\u201d, lo que deton\u00f3 la ruptura entre Bolsonaro y su ministro estrella no fueron razones ideol\u00f3gicas sino una disputa de intereses, de cotas de poder. Moro rechaz\u00f3 la remoci\u00f3n del director de la Polic\u00eda Federal, el comisario Mauricio Valeixo, que era su ladero desde la causa Lava Jato, y quien tuvo entre otras misiones la de ser uno de los coordinadores del encarcelamiento de Lula, en abril de 2018 en un sindicato de San Pablo, hasta su medi\u00e1tico aterrizaje en helic\u00f3ptero en la Superintendencia policial de Curitiba, donde pas\u00f3 580 d\u00edas privado de la libertad.<\/p>\n<p>Ante el inicio este lunes de la primera fase de la causa en el Supremo, Bolsonaro no pareci\u00f3 amilanarse ni estar preocupado por la denuncia sobre sus aprietes a la polic\u00eda. Nombr\u00f3 como nuevo jefe de la Polic\u00eda Federal a Alexandre Ramagem, un amigo de su hijo Carlos, el m\u00e1s implicado en el citado proceso. De esa forma no dej\u00f3 dudas de que va a controlar a esa polic\u00eda y tratar\u00e1 de obstruir el proceso. Luego de la designaci\u00f3n de Ramagen y del pastor evang\u00e9lico, Andre Luiz Mendonca, al frente de la cartera de justicia, el capit\u00e1n presidente poste\u00f3 una foto en la que aparece en un club de tiro de Brasilia.<\/p>\n","protected":false},"excerpt":{"rendered":"<p>Moro rompi\u00f3 el pacto de silencio con el presidente el viernes con revelaciones serias que dieron lugar proceso iniciado de manera inusualmente r\u00e1pida por el Supremo &nbsp; Cuando la omert\u00e1 se rompe. El Supremo Tribunal Federal abri\u00f3 una investigaci\u00f3n sobre los presuntos il\u00edcitos cometidos por Jair Bolsonaro y el exministro de Justicia y Seguridad P\u00fablica Sergio Moro. El capit\u00e1n retirado y el otrora juez de la causa Lava Jato fueron factores determinantes de una sociedad casi mafiosa &#8211;junto a jueces, editores y banqueros&#8211; que se conjur\u00f3 contra el r\u00e9gimen democr\u00e1tico,&#8230;<\/p>\n","protected":false},"author":3,"featured_media":60662,"comment_status":"closed","ping_status":"closed","sticky":false,"template":"","format":"standard","meta":[],"categories":[4],"tags":[],"_links":{"self":[{"href":"https:\/\/www.actualidadadiario.com\/index.php\/wp-json\/wp\/v2\/posts\/60819"}],"collection":[{"href":"https:\/\/www.actualidadadiario.com\/index.php\/wp-json\/wp\/v2\/posts"}],"about":[{"href":"https:\/\/www.actualidadadiario.com\/index.php\/wp-json\/wp\/v2\/types\/post"}],"author":[{"embeddable":true,"href":"https:\/\/www.actualidadadiario.com\/index.php\/wp-json\/wp\/v2\/users\/3"}],"replies":[{"embeddable":true,"href":"https:\/\/www.actualidadadiario.com\/index.php\/wp-json\/wp\/v2\/comments?post=60819"}],"version-history":[{"count":1,"href":"https:\/\/www.actualidadadiario.com\/index.php\/wp-json\/wp\/v2\/posts\/60819\/revisions"}],"predecessor-version":[{"id":60820,"href":"https:\/\/www.actualidadadiario.com\/index.php\/wp-json\/wp\/v2\/posts\/60819\/revisions\/60820"}],"wp:featuredmedia":[{"embeddable":true,"href":"https:\/\/www.actualidadadiario.com\/index.php\/wp-json\/wp\/v2\/media\/60662"}],"wp:attachment":[{"href":"https:\/\/www.actualidadadiario.com\/index.php\/wp-json\/wp\/v2\/media?parent=60819"}],"wp:term":[{"taxonomy":"category","embeddable":true,"href":"https:\/\/www.actualidadadiario.com\/index.php\/wp-json\/wp\/v2\/categories?post=60819"},{"taxonomy":"post_tag","embeddable":true,"href":"https:\/\/www.actualidadadiario.com\/index.php\/wp-json\/wp\/v2\/tags?post=60819"}],"curies":[{"name":"wp","href":"https:\/\/api.w.org\/{rel}","templated":true}]}}